{"id":142,"date":"2025-03-10T18:17:43","date_gmt":"2025-03-10T17:17:43","guid":{"rendered":"https:\/\/blog.fotocolombo.it\/?p=142"},"modified":"2025-04-23T16:22:12","modified_gmt":"2025-04-23T15:22:12","slug":"canon-rf-16-28mm-f2-8-is-stm","status":"publish","type":"post","link":"https:\/\/team.fotocolombo.it\/index.php\/2025\/03\/10\/canon-rf-16-28mm-f2-8-is-stm\/","title":{"rendered":"Canon\u00a0RF 16-28mm F2.8 IS STM"},"content":{"rendered":"\n<figure class=\"wp-block-image size-large\"><img fetchpriority=\"high\" decoding=\"async\" width=\"1024\" height=\"683\" src=\"https:\/\/team.fotocolombo.it\/wp-content\/uploads\/2025\/03\/rf-16-28mm-f2-1024x683.webp\" alt=\"\" class=\"wp-image-143\" srcset=\"https:\/\/team.fotocolombo.it\/wp-content\/uploads\/2025\/03\/rf-16-28mm-f2-1024x683.webp 1024w, https:\/\/team.fotocolombo.it\/wp-content\/uploads\/2025\/03\/rf-16-28mm-f2-300x200.webp 300w, https:\/\/team.fotocolombo.it\/wp-content\/uploads\/2025\/03\/rf-16-28mm-f2-768x512.webp 768w, https:\/\/team.fotocolombo.it\/wp-content\/uploads\/2025\/03\/rf-16-28mm-f2.webp 1344w\" sizes=\"(max-width: 1024px) 100vw, 1024px\" \/><\/figure>\n\n\n\n<p>Zoom compatto e ultragrandangolare con ampia apertura f\/2.8 e stabilizzazione delle immagini, leggero, versatile e pronto per la tua prossima avventura di storyteller.<\/p>\n\n\n\n<h3 class=\"wp-block-heading\">Epic views. Stable shots<\/h3>\n\n\n\n<p>Con il suo zoom ultragrandangolare e l&#8217;ampia apertura f\/2.8, RF 16-28mm F2.8 IS STM \u00e8 un potente obiettivo progettato per offrire risultati eccezionali. Dotato di stabilizzazione dell&#8217;immagine a 5,5 stop<sup>1<\/sup>&nbsp;e protezione dagli agenti atmosferici, combina un corpo leggero e compatto con tecnologie all&#8217;avanguardia, per produrre immagini e video di qualit\u00e0 superiore in ogni situazione.<\/p>\n\n\n\n<h3 class=\"wp-block-heading\">ZOOM ULTRAGRANGOLARE LEGGERO PER RISULTATI CREATIVI ECCEZIONALI<\/h3>\n\n\n\n<p>Che si tratti di foto o video, questo obiettivo offre prestazioni incredibili grazie all&#8217;ampia apertura f\/2.8, per un ottimo controllo della profondit\u00e0 di campo e prestazioni eccellenti in condizioni di scarsa illuminazione, oltre alla portata dello zoom da 16-28&nbsp;mm, per una prospettiva pi\u00f9 creativa.<\/p>\n\n\n\n<h3 class=\"wp-block-heading\">RAPIDO. AMPIO. STABILE.<\/h3>\n\n\n\n<p>Muovi il cursore verso sinistra o destra e osserva come lo stabilizzatore d&#8217;immagine di RF 16-28mm F2.8 IS STM \u00e8 in grado di offrire fino a 5,5 stop di compensazione<sup>1<\/sup>, garantendo immagini nitide e video fluidi.<\/p>\n\n\n\n<h3 class=\"wp-block-heading\">Ampio, luminoso e reattivo<\/h3>\n\n\n\n<p>Grazie all&#8217;ampia apertura, permette di catturare maggiori dettagli anche in condizioni di scarsa illuminazione, offrendo un&#8217;opportunit\u00e0 creativa unica per esplorare il soggetto da nuove angolazioni. A f\/2.8, potrai infondere maggiore profondit\u00e0 e dimensione alle tue immagini.<\/p>\n\n\n\n<h3 class=\"wp-block-heading\">Prospettiva ultragrandangolare<\/h3>\n\n\n\n<p>Grazie all&#8217;escursione ultragrandangolare dello zoom da 16 a 28&nbsp;mm, potrai includere una porzione maggiore della scena nell&#8217;immagine. L&#8217;obiettivo Canon RF 16-28mm F2.8 IS STM rappresenta il perfetto connubio tra prestazioni elevate e praticit\u00e0, con un angolo di visuale che favorisce la creativit\u00e0.<\/p>\n\n\n\n<h3 class=\"wp-block-heading\">Progettato per viaggiare leggeri<\/h3>\n\n\n\n<p>Quando lo spazio in valigia \u00e8 limitato, RF 16-28mm F2.8 IS STM si presenta come la scelta ideale per i viaggi. Grazie al suo design innovativo il barilotto occupa solo 91&nbsp;mm in posizione ritratta, garantendo un&#8217;eccezionale portabilit\u00e0. E con un peso di circa 445&nbsp;g, puoi tenerlo collegato alla fotocamera tutto il giorno senza problemi.<\/p>\n\n\n\n<figure class=\"wp-block-image size-full\"><img decoding=\"async\" width=\"960\" height=\"641\" src=\"https:\/\/team.fotocolombo.it\/wp-content\/uploads\/2025\/03\/rf-16-28mm-f2-1.webp\" alt=\"\" class=\"wp-image-151\" srcset=\"https:\/\/team.fotocolombo.it\/wp-content\/uploads\/2025\/03\/rf-16-28mm-f2-1.webp 960w, https:\/\/team.fotocolombo.it\/wp-content\/uploads\/2025\/03\/rf-16-28mm-f2-1-300x200.webp 300w, https:\/\/team.fotocolombo.it\/wp-content\/uploads\/2025\/03\/rf-16-28mm-f2-1-768x513.webp 768w\" sizes=\"(max-width: 960px) 100vw, 960px\" \/><\/figure>\n\n\n\n<h3 class=\"wp-block-heading\">AMPIO. ANCORA PI\u00d9 AMPIO<\/h3>\n\n\n\n<p>Muovi il cursore verso sinistra o destra e osserva come la portata dello zoom di RF 16-28mm F2.8 IS STM \u00e8 in grado di ampliare maggiormente la scena.<\/p>\n\n\n\n<h3 class=\"wp-block-heading\">Risultati che fanno la differenza<\/h3>\n\n\n\n<p>Goditi una qualit\u00e0 delle immagini eccezionale, grazie a due elementi asferici e a quattro lenti UD con rivestimento Super Spectra, per una nitidezza incredibile. Il motore STM ad alta velocit\u00e0 assicura una messa a fuoco rapida, fluida e pressoch\u00e9 silenziosa, per scatti fotografici e riprese video.<\/p>\n\n\n\n<h3 class=\"wp-block-heading\">Creativit\u00e0 e praticit\u00e0<\/h3>\n\n\n\n<p>Il diaframma a nove lamelle crea effetti di luce simili a stelle, mentre la stabilizzazione ottica dell&#8217;immagine fino a 5,5 stop<sup>1<\/sup>&nbsp;permette di scattare e riprendere a mano libera in modo fluido, anche in condizioni di scarsa illuminazione.<\/p>\n\n\n\n<h3 class=\"wp-block-heading\">Migliora le tue abilit\u00e0 di filmmaker<\/h3>\n\n\n\n<p>La tecnologia STM di RF 16-28mm F2.8 IS STM garantisce transizioni di messa a fuoco automatica fluide, ideali per riprendere soggetti a diverse distanze. Inoltre, la correzione della distorsione viene gestita direttamente all&#8217;interno della fotocamera, mantenendo l&#8217;obiettivo leggero e lasciandoti concentrare completamente sulla tecnica.<\/p>\n\n\n\n<h3 class=\"wp-block-heading\">Design adatto alla tua vita frenetica<\/h3>\n\n\n\n<p>L&#8217;obiettivo RF 16-28mm F2.8 IS STM \u00e8 compatto, leggero e pronto ad affrontare qualsiasi condizione. Grazie alla qualit\u00e0 dell&#8217;immagine e a un design resistente a pioggia, umidit\u00e0 e polvere<sup>2<\/sup>, questo obiettivo ultragrandangolare rappresenta una scelta professionale e affidabile.<\/p>\n\n\n\n<div class=\"wp-block-buttons is-layout-flex wp-block-buttons-is-layout-flex\">\n<div class=\"wp-block-button\"><a class=\"wp-block-button__link wp-element-button\" href=\"https:\/\/www.fotocolombo.it\/shop\/product\/canon-canonrf1628mmf28isstm-it-470104-1649\/\" target=\"_blank\" rel=\"noreferrer noopener\"><mark style=\"background-color:rgba(0, 0, 0, 0)\" class=\"has-inline-color has-ast-global-color-0-color\">Scopri di pi\u00f9<\/mark><\/a><\/div>\n<\/div>\n\n\n\n<figure class=\"wp-block-image size-large is-resized\"><img decoding=\"async\" width=\"1024\" height=\"819\" src=\"https:\/\/team.fotocolombo.it\/wp-content\/uploads\/2025\/03\/1628CAN-1024x819.jpg\" alt=\"\" class=\"wp-image-152\" style=\"width:422px;height:auto\" srcset=\"https:\/\/team.fotocolombo.it\/wp-content\/uploads\/2025\/03\/1628CAN-1024x819.jpg 1024w, https:\/\/team.fotocolombo.it\/wp-content\/uploads\/2025\/03\/1628CAN-300x240.jpg 300w, https:\/\/team.fotocolombo.it\/wp-content\/uploads\/2025\/03\/1628CAN-768x614.jpg 768w, https:\/\/team.fotocolombo.it\/wp-content\/uploads\/2025\/03\/1628CAN.jpg 1280w\" sizes=\"(max-width: 1024px) 100vw, 1024px\" \/><\/figure>\n\n\n\n<p><\/p>\n","protected":false},"excerpt":{"rendered":"<p>Zoom compatto e ultragrandangolare con ampia apertura f\/2.8 e stabilizzazione delle immagini, leggero, versatile e pronto per la tua prossima [&hellip;]<\/p>\n","protected":false},"author":2,"featured_media":143,"comment_status":"open","ping_status":"open","sticky":false,"template":"","format":"standard","meta":{"site-sidebar-layout":"default","site-content-layout":"","ast-site-content-layout":"","site-content-style":"default","site-sidebar-style":"default","ast-global-header-display":"","ast-banner-title-visibility":"","ast-main-header-display":"","ast-hfb-above-header-display":"","ast-hfb-below-header-display":"","ast-hfb-mobile-header-display":"","site-post-title":"","ast-breadcrumbs-content":"","ast-featured-img":"","footer-sml-layout":"","theme-transparent-header-meta":"","adv-header-id-meta":"","stick-header-meta":"","header-above-stick-meta":"","header-main-stick-meta":"","header-below-stick-meta":"","astra-migrate-meta-layouts":"default","ast-page-background-enabled":"default","ast-page-background-meta":{"desktop":{"background-color":"var(--ast-global-color-5)","background-image":"","background-repeat":"repeat","background-position":"center center","background-size":"auto","background-attachment":"scroll","background-type":"","background-media":"","overlay-type":"","overlay-color":"","overlay-opacity":"","overlay-gradient":""},"tablet":{"background-color":"","background-image":"","background-repeat":"repeat","background-position":"center center","background-size":"auto","background-attachment":"scroll","background-type":"","background-media":"","overlay-type":"","overlay-color":"","overlay-opacity":"","overlay-gradient":""},"mobile":{"background-color":"","background-image":"","background-repeat":"repeat","background-position":"center center","background-size":"auto","background-attachment":"scroll","background-type":"","background-media":"","overlay-type":"","overlay-color":"","overlay-opacity":"","overlay-gradient":""}},"ast-content-background-meta":{"desktop":{"background-color":"var(--ast-global-color-4)","background-image":"","background-repeat":"repeat","background-position":"center center","background-size":"auto","background-attachment":"scroll","background-type":"","background-media":"","overlay-type":"","overlay-color":"","overlay-opacity":"","overlay-gradient":""},"tablet":{"background-color":"var(--ast-global-color-4)","background-image":"","background-repeat":"repeat","background-position":"center center","background-size":"auto","background-attachment":"scroll","background-type":"","background-media":"","overlay-type":"","overlay-color":"","overlay-opacity":"","overlay-gradient":""},"mobile":{"background-color":"var(--ast-global-color-4)","background-image":"","background-repeat":"repeat","background-position":"center center","background-size":"auto","background-attachment":"scroll","background-type":"","background-media":"","overlay-type":"","overlay-color":"","overlay-opacity":"","overlay-gradient":""}},"footnotes":""},"categories":[7],"tags":[],"class_list":["post-142","post","type-post","status-publish","format-standard","has-post-thumbnail","hentry","category-novita"],"yoast_head":"<!-- This site is optimized with the Yoast SEO plugin v24.7 - https:\/\/yoast.com\/wordpress\/plugins\/seo\/ -->\n<title>Canon\u00a0RF 16-28mm F2.8 IS STM - FotoColombo Team<\/title>\n<meta name=\"description\" content=\"Dotato di stabilizzazione dell&#039;immagine a 5,5 stop1\u00a0e protezione dagli agenti atmosferici, combina un corpo leggero e compatto con tecnologie all&#039;avanguardia.\" \/>\n<meta name=\"robots\" content=\"index, follow, max-snippet:-1, max-image-preview:large, max-video-preview:-1\" \/>\n<link rel=\"canonical\" href=\"https:\/\/team.fotocolombo.it\/index.php\/2025\/03\/10\/canon-rf-16-28mm-f2-8-is-stm\/\" \/>\n<meta property=\"og:locale\" content=\"it_IT\" \/>\n<meta property=\"og:type\" content=\"article\" \/>\n<meta property=\"og:title\" content=\"Canon\u00a0RF 16-28mm F2.8 IS STM - FotoColombo Team\" \/>\n<meta property=\"og:description\" content=\"Dotato di stabilizzazione dell&#039;immagine a 5,5 stop1\u00a0e protezione dagli agenti atmosferici, combina un corpo leggero e compatto con tecnologie all&#039;avanguardia.\" \/>\n<meta property=\"og:url\" content=\"https:\/\/team.fotocolombo.it\/index.php\/2025\/03\/10\/canon-rf-16-28mm-f2-8-is-stm\/\" \/>\n<meta property=\"og:site_name\" content=\"FotoColombo Team\" \/>\n<meta property=\"article:publisher\" content=\"https:\/\/www.facebook.com\/fotocolombo.it\" \/>\n<meta property=\"article:published_time\" content=\"2025-03-10T17:17:43+00:00\" \/>\n<meta property=\"article:modified_time\" content=\"2025-04-23T15:22:12+00:00\" \/>\n<meta property=\"og:image\" content=\"https:\/\/team.fotocolombo.it\/wp-content\/uploads\/2025\/03\/rf-16-28mm-f2.webp\" \/>\n\t<meta property=\"og:image:width\" content=\"1344\" \/>\n\t<meta property=\"og:image:height\" content=\"896\" \/>\n\t<meta property=\"og:image:type\" content=\"image\/webp\" \/>\n<meta name=\"author\" content=\"Fotocolombo Team\" \/>\n<meta name=\"twitter:card\" content=\"summary_large_image\" \/>\n<meta name=\"twitter:label1\" content=\"Scritto da\" \/>\n\t<meta name=\"twitter:data1\" content=\"Fotocolombo Team\" \/>\n\t<meta name=\"twitter:label2\" content=\"Tempo di lettura stimato\" \/>\n\t<meta name=\"twitter:data2\" content=\"1 minuto\" \/>\n<script type=\"application\/ld+json\" class=\"yoast-schema-graph\">{\"@context\":\"https:\/\/schema.org\",\"@graph\":[{\"@type\":\"Article\",\"@id\":\"https:\/\/team.fotocolombo.it\/index.php\/2025\/03\/10\/canon-rf-16-28mm-f2-8-is-stm\/#article\",\"isPartOf\":{\"@id\":\"https:\/\/team.fotocolombo.it\/index.php\/2025\/03\/10\/canon-rf-16-28mm-f2-8-is-stm\/\"},\"author\":{\"name\":\"Fotocolombo Team\",\"@id\":\"https:\/\/team.fotocolombo.it\/#\/schema\/person\/0191c2eb02c268eb2d6500631e51b645\"},\"headline\":\"Canon\u00a0RF 16-28mm F2.8 IS STM\",\"datePublished\":\"2025-03-10T17:17:43+00:00\",\"dateModified\":\"2025-04-23T15:22:12+00:00\",\"mainEntityOfPage\":{\"@id\":\"https:\/\/team.fotocolombo.it\/index.php\/2025\/03\/10\/canon-rf-16-28mm-f2-8-is-stm\/\"},\"wordCount\":547,\"commentCount\":0,\"publisher\":{\"@id\":\"https:\/\/team.fotocolombo.it\/#organization\"},\"image\":{\"@id\":\"https:\/\/team.fotocolombo.it\/index.php\/2025\/03\/10\/canon-rf-16-28mm-f2-8-is-stm\/#primaryimage\"},\"thumbnailUrl\":\"https:\/\/team.fotocolombo.it\/wp-content\/uploads\/2025\/03\/rf-16-28mm-f2.webp\",\"articleSection\":[\"Novit\u00e0\"],\"inLanguage\":\"it-IT\",\"potentialAction\":[{\"@type\":\"CommentAction\",\"name\":\"Comment\",\"target\":[\"https:\/\/team.fotocolombo.it\/index.php\/2025\/03\/10\/canon-rf-16-28mm-f2-8-is-stm\/#respond\"]}]},{\"@type\":\"WebPage\",\"@id\":\"https:\/\/team.fotocolombo.it\/index.php\/2025\/03\/10\/canon-rf-16-28mm-f2-8-is-stm\/\",\"url\":\"https:\/\/team.fotocolombo.it\/index.php\/2025\/03\/10\/canon-rf-16-28mm-f2-8-is-stm\/\",\"name\":\"Canon\u00a0RF 16-28mm F2.8 IS STM - FotoColombo Team\",\"isPartOf\":{\"@id\":\"https:\/\/team.fotocolombo.it\/#website\"},\"primaryImageOfPage\":{\"@id\":\"https:\/\/team.fotocolombo.it\/index.php\/2025\/03\/10\/canon-rf-16-28mm-f2-8-is-stm\/#primaryimage\"},\"image\":{\"@id\":\"https:\/\/team.fotocolombo.it\/index.php\/2025\/03\/10\/canon-rf-16-28mm-f2-8-is-stm\/#primaryimage\"},\"thumbnailUrl\":\"https:\/\/team.fotocolombo.it\/wp-content\/uploads\/2025\/03\/rf-16-28mm-f2.webp\",\"datePublished\":\"2025-03-10T17:17:43+00:00\",\"dateModified\":\"2025-04-23T15:22:12+00:00\",\"description\":\"Dotato di stabilizzazione dell'immagine a 5,5 stop1\u00a0e protezione dagli agenti atmosferici, combina un corpo leggero e compatto con tecnologie all'avanguardia.\",\"breadcrumb\":{\"@id\":\"https:\/\/team.fotocolombo.it\/index.php\/2025\/03\/10\/canon-rf-16-28mm-f2-8-is-stm\/#breadcrumb\"},\"inLanguage\":\"it-IT\",\"potentialAction\":[{\"@type\":\"ReadAction\",\"target\":[\"https:\/\/team.fotocolombo.it\/index.php\/2025\/03\/10\/canon-rf-16-28mm-f2-8-is-stm\/\"]}]},{\"@type\":\"ImageObject\",\"inLanguage\":\"it-IT\",\"@id\":\"https:\/\/team.fotocolombo.it\/index.php\/2025\/03\/10\/canon-rf-16-28mm-f2-8-is-stm\/#primaryimage\",\"url\":\"https:\/\/team.fotocolombo.it\/wp-content\/uploads\/2025\/03\/rf-16-28mm-f2.webp\",\"contentUrl\":\"https:\/\/team.fotocolombo.it\/wp-content\/uploads\/2025\/03\/rf-16-28mm-f2.webp\",\"width\":1344,\"height\":896},{\"@type\":\"BreadcrumbList\",\"@id\":\"https:\/\/team.fotocolombo.it\/index.php\/2025\/03\/10\/canon-rf-16-28mm-f2-8-is-stm\/#breadcrumb\",\"itemListElement\":[{\"@type\":\"ListItem\",\"position\":1,\"name\":\"Home\",\"item\":\"https:\/\/team.fotocolombo.it\/\"},{\"@type\":\"ListItem\",\"position\":2,\"name\":\"Canon\u00a0RF 16-28mm F2.8 IS STM\"}]},{\"@type\":\"WebSite\",\"@id\":\"https:\/\/team.fotocolombo.it\/#website\",\"url\":\"https:\/\/team.fotocolombo.it\/\",\"name\":\"FotoColombo.it Blog\",\"description\":\"\",\"publisher\":{\"@id\":\"https:\/\/team.fotocolombo.it\/#organization\"},\"potentialAction\":[{\"@type\":\"SearchAction\",\"target\":{\"@type\":\"EntryPoint\",\"urlTemplate\":\"https:\/\/team.fotocolombo.it\/?s={search_term_string}\"},\"query-input\":{\"@type\":\"PropertyValueSpecification\",\"valueRequired\":true,\"valueName\":\"search_term_string\"}}],\"inLanguage\":\"it-IT\"},{\"@type\":\"Organization\",\"@id\":\"https:\/\/team.fotocolombo.it\/#organization\",\"name\":\"FotoColombo.it Blog\",\"url\":\"https:\/\/team.fotocolombo.it\/\",\"logo\":{\"@type\":\"ImageObject\",\"inLanguage\":\"it-IT\",\"@id\":\"https:\/\/team.fotocolombo.it\/#\/schema\/logo\/image\/\",\"url\":\"https:\/\/team.fotocolombo.it\/wp-content\/uploads\/2025\/03\/logoFCTeam-1-scaled.jpg\",\"contentUrl\":\"https:\/\/team.fotocolombo.it\/wp-content\/uploads\/2025\/03\/logoFCTeam-1-scaled.jpg\",\"width\":2560,\"height\":349,\"caption\":\"FotoColombo.it Blog\"},\"image\":{\"@id\":\"https:\/\/team.fotocolombo.it\/#\/schema\/logo\/image\/\"},\"sameAs\":[\"https:\/\/www.facebook.com\/fotocolombo.it\",\"https:\/\/www.instagram.com\/fotocolombo.it\/\"]},{\"@type\":\"Person\",\"@id\":\"https:\/\/team.fotocolombo.it\/#\/schema\/person\/0191c2eb02c268eb2d6500631e51b645\",\"name\":\"Fotocolombo Team\",\"image\":{\"@type\":\"ImageObject\",\"inLanguage\":\"it-IT\",\"@id\":\"https:\/\/team.fotocolombo.it\/#\/schema\/person\/image\/\",\"url\":\"https:\/\/secure.gravatar.com\/avatar\/a80bafa2c444b3a41fdcf2b233cca7fe7f5b241e4c7b1315fa0b92aee94eb919?s=96&d=mm&r=g\",\"contentUrl\":\"https:\/\/secure.gravatar.com\/avatar\/a80bafa2c444b3a41fdcf2b233cca7fe7f5b241e4c7b1315fa0b92aee94eb919?s=96&d=mm&r=g\",\"caption\":\"Fotocolombo Team\"},\"url\":\"https:\/\/team.fotocolombo.it\/index.php\/author\/fotocolombo-nicologmail-com\/\"}]}<\/script>\n<!-- \/ Yoast SEO plugin. -->","yoast_head_json":{"title":"Canon\u00a0RF 16-28mm F2.8 IS STM - FotoColombo Team","description":"Dotato di stabilizzazione dell'immagine a 5,5 stop1\u00a0e protezione dagli agenti atmosferici, combina un corpo leggero e compatto con tecnologie all'avanguardia.","robots":{"index":"index","follow":"follow","max-snippet":"max-snippet:-1","max-image-preview":"max-image-preview:large","max-video-preview":"max-video-preview:-1"},"canonical":"https:\/\/team.fotocolombo.it\/index.php\/2025\/03\/10\/canon-rf-16-28mm-f2-8-is-stm\/","og_locale":"it_IT","og_type":"article","og_title":"Canon\u00a0RF 16-28mm F2.8 IS STM - FotoColombo Team","og_description":"Dotato di stabilizzazione dell'immagine a 5,5 stop1\u00a0e protezione dagli agenti atmosferici, combina un corpo leggero e compatto con tecnologie all'avanguardia.","og_url":"https:\/\/team.fotocolombo.it\/index.php\/2025\/03\/10\/canon-rf-16-28mm-f2-8-is-stm\/","og_site_name":"FotoColombo Team","article_publisher":"https:\/\/www.facebook.com\/fotocolombo.it","article_published_time":"2025-03-10T17:17:43+00:00","article_modified_time":"2025-04-23T15:22:12+00:00","og_image":[{"width":1344,"height":896,"url":"https:\/\/team.fotocolombo.it\/wp-content\/uploads\/2025\/03\/rf-16-28mm-f2.webp","type":"image\/webp"}],"author":"Fotocolombo Team","twitter_card":"summary_large_image","twitter_misc":{"Scritto da":"Fotocolombo Team","Tempo di lettura stimato":"1 minuto"},"schema":{"@context":"https:\/\/schema.org","@graph":[{"@type":"Article","@id":"https:\/\/team.fotocolombo.it\/index.php\/2025\/03\/10\/canon-rf-16-28mm-f2-8-is-stm\/#article","isPartOf":{"@id":"https:\/\/team.fotocolombo.it\/index.php\/2025\/03\/10\/canon-rf-16-28mm-f2-8-is-stm\/"},"author":{"name":"Fotocolombo Team","@id":"https:\/\/team.fotocolombo.it\/#\/schema\/person\/0191c2eb02c268eb2d6500631e51b645"},"headline":"Canon\u00a0RF 16-28mm F2.8 IS STM","datePublished":"2025-03-10T17:17:43+00:00","dateModified":"2025-04-23T15:22:12+00:00","mainEntityOfPage":{"@id":"https:\/\/team.fotocolombo.it\/index.php\/2025\/03\/10\/canon-rf-16-28mm-f2-8-is-stm\/"},"wordCount":547,"commentCount":0,"publisher":{"@id":"https:\/\/team.fotocolombo.it\/#organization"},"image":{"@id":"https:\/\/team.fotocolombo.it\/index.php\/2025\/03\/10\/canon-rf-16-28mm-f2-8-is-stm\/#primaryimage"},"thumbnailUrl":"https:\/\/team.fotocolombo.it\/wp-content\/uploads\/2025\/03\/rf-16-28mm-f2.webp","articleSection":["Novit\u00e0"],"inLanguage":"it-IT","potentialAction":[{"@type":"CommentAction","name":"Comment","target":["https:\/\/team.fotocolombo.it\/index.php\/2025\/03\/10\/canon-rf-16-28mm-f2-8-is-stm\/#respond"]}]},{"@type":"WebPage","@id":"https:\/\/team.fotocolombo.it\/index.php\/2025\/03\/10\/canon-rf-16-28mm-f2-8-is-stm\/","url":"https:\/\/team.fotocolombo.it\/index.php\/2025\/03\/10\/canon-rf-16-28mm-f2-8-is-stm\/","name":"Canon\u00a0RF 16-28mm F2.8 IS STM - FotoColombo Team","isPartOf":{"@id":"https:\/\/team.fotocolombo.it\/#website"},"primaryImageOfPage":{"@id":"https:\/\/team.fotocolombo.it\/index.php\/2025\/03\/10\/canon-rf-16-28mm-f2-8-is-stm\/#primaryimage"},"image":{"@id":"https:\/\/team.fotocolombo.it\/index.php\/2025\/03\/10\/canon-rf-16-28mm-f2-8-is-stm\/#primaryimage"},"thumbnailUrl":"https:\/\/team.fotocolombo.it\/wp-content\/uploads\/2025\/03\/rf-16-28mm-f2.webp","datePublished":"2025-03-10T17:17:43+00:00","dateModified":"2025-04-23T15:22:12+00:00","description":"Dotato di stabilizzazione dell'immagine a 5,5 stop1\u00a0e protezione dagli agenti atmosferici, combina un corpo leggero e compatto con tecnologie all'avanguardia.","breadcrumb":{"@id":"https:\/\/team.fotocolombo.it\/index.php\/2025\/03\/10\/canon-rf-16-28mm-f2-8-is-stm\/#breadcrumb"},"inLanguage":"it-IT","potentialAction":[{"@type":"ReadAction","target":["https:\/\/team.fotocolombo.it\/index.php\/2025\/03\/10\/canon-rf-16-28mm-f2-8-is-stm\/"]}]},{"@type":"ImageObject","inLanguage":"it-IT","@id":"https:\/\/team.fotocolombo.it\/index.php\/2025\/03\/10\/canon-rf-16-28mm-f2-8-is-stm\/#primaryimage","url":"https:\/\/team.fotocolombo.it\/wp-content\/uploads\/2025\/03\/rf-16-28mm-f2.webp","contentUrl":"https:\/\/team.fotocolombo.it\/wp-content\/uploads\/2025\/03\/rf-16-28mm-f2.webp","width":1344,"height":896},{"@type":"BreadcrumbList","@id":"https:\/\/team.fotocolombo.it\/index.php\/2025\/03\/10\/canon-rf-16-28mm-f2-8-is-stm\/#breadcrumb","itemListElement":[{"@type":"ListItem","position":1,"name":"Home","item":"https:\/\/team.fotocolombo.it\/"},{"@type":"ListItem","position":2,"name":"Canon\u00a0RF 16-28mm F2.8 IS STM"}]},{"@type":"WebSite","@id":"https:\/\/team.fotocolombo.it\/#website","url":"https:\/\/team.fotocolombo.it\/","name":"FotoColombo.it Blog","description":"","publisher":{"@id":"https:\/\/team.fotocolombo.it\/#organization"},"potentialAction":[{"@type":"SearchAction","target":{"@type":"EntryPoint","urlTemplate":"https:\/\/team.fotocolombo.it\/?s={search_term_string}"},"query-input":{"@type":"PropertyValueSpecification","valueRequired":true,"valueName":"search_term_string"}}],"inLanguage":"it-IT"},{"@type":"Organization","@id":"https:\/\/team.fotocolombo.it\/#organization","name":"FotoColombo.it Blog","url":"https:\/\/team.fotocolombo.it\/","logo":{"@type":"ImageObject","inLanguage":"it-IT","@id":"https:\/\/team.fotocolombo.it\/#\/schema\/logo\/image\/","url":"https:\/\/team.fotocolombo.it\/wp-content\/uploads\/2025\/03\/logoFCTeam-1-scaled.jpg","contentUrl":"https:\/\/team.fotocolombo.it\/wp-content\/uploads\/2025\/03\/logoFCTeam-1-scaled.jpg","width":2560,"height":349,"caption":"FotoColombo.it Blog"},"image":{"@id":"https:\/\/team.fotocolombo.it\/#\/schema\/logo\/image\/"},"sameAs":["https:\/\/www.facebook.com\/fotocolombo.it","https:\/\/www.instagram.com\/fotocolombo.it\/"]},{"@type":"Person","@id":"https:\/\/team.fotocolombo.it\/#\/schema\/person\/0191c2eb02c268eb2d6500631e51b645","name":"Fotocolombo Team","image":{"@type":"ImageObject","inLanguage":"it-IT","@id":"https:\/\/team.fotocolombo.it\/#\/schema\/person\/image\/","url":"https:\/\/secure.gravatar.com\/avatar\/a80bafa2c444b3a41fdcf2b233cca7fe7f5b241e4c7b1315fa0b92aee94eb919?s=96&d=mm&r=g","contentUrl":"https:\/\/secure.gravatar.com\/avatar\/a80bafa2c444b3a41fdcf2b233cca7fe7f5b241e4c7b1315fa0b92aee94eb919?s=96&d=mm&r=g","caption":"Fotocolombo Team"},"url":"https:\/\/team.fotocolombo.it\/index.php\/author\/fotocolombo-nicologmail-com\/"}]}},"_links":{"self":[{"href":"https:\/\/team.fotocolombo.it\/index.php\/wp-json\/wp\/v2\/posts\/142","targetHints":{"allow":["GET"]}}],"collection":[{"href":"https:\/\/team.fotocolombo.it\/index.php\/wp-json\/wp\/v2\/posts"}],"about":[{"href":"https:\/\/team.fotocolombo.it\/index.php\/wp-json\/wp\/v2\/types\/post"}],"author":[{"embeddable":true,"href":"https:\/\/team.fotocolombo.it\/index.php\/wp-json\/wp\/v2\/users\/2"}],"replies":[{"embeddable":true,"href":"https:\/\/team.fotocolombo.it\/index.php\/wp-json\/wp\/v2\/comments?post=142"}],"version-history":[{"count":6,"href":"https:\/\/team.fotocolombo.it\/index.php\/wp-json\/wp\/v2\/posts\/142\/revisions"}],"predecessor-version":[{"id":156,"href":"https:\/\/team.fotocolombo.it\/index.php\/wp-json\/wp\/v2\/posts\/142\/revisions\/156"}],"wp:featuredmedia":[{"embeddable":true,"href":"https:\/\/team.fotocolombo.it\/index.php\/wp-json\/wp\/v2\/media\/143"}],"wp:attachment":[{"href":"https:\/\/team.fotocolombo.it\/index.php\/wp-json\/wp\/v2\/media?parent=142"}],"wp:term":[{"taxonomy":"category","embeddable":true,"href":"https:\/\/team.fotocolombo.it\/index.php\/wp-json\/wp\/v2\/categories?post=142"},{"taxonomy":"post_tag","embeddable":true,"href":"https:\/\/team.fotocolombo.it\/index.php\/wp-json\/wp\/v2\/tags?post=142"}],"curies":[{"name":"wp","href":"https:\/\/api.w.org\/{rel}","templated":true}]}}