{"id":477,"date":"2025-03-19T12:18:31","date_gmt":"2025-03-19T11:18:31","guid":{"rendered":"https:\/\/team.fotocolombo.it\/?p=477"},"modified":"2025-03-19T12:19:54","modified_gmt":"2025-03-19T11:19:54","slug":"fjord-bike-28-di-nya-evo-borsa-da-bici-per-i-fotografi","status":"publish","type":"post","link":"https:\/\/team.fotocolombo.it\/index.php\/2025\/03\/19\/fjord-bike-28-di-nya-evo-borsa-da-bici-per-i-fotografi\/","title":{"rendered":"FJORD BIKE 28 di Nya-Evo: Borsa da bici per i fotografi"},"content":{"rendered":"\n<figure class=\"wp-block-embed is-type-video is-provider-youtube wp-block-embed-youtube wp-embed-aspect-16-9 wp-has-aspect-ratio\"><div class=\"wp-block-embed__wrapper\">\n<div class=\"ast-oembed-container \" style=\"height: 100%;\"><iframe title=\"FJORD BIKE 28 PANNIER FOR PHOTOGRAPHERS BY NYA-EVO\" width=\"500\" height=\"281\" src=\"https:\/\/www.youtube.com\/embed\/BK_oVGq6kRc?feature=oembed\" frameborder=\"0\" allow=\"accelerometer; autoplay; clipboard-write; encrypted-media; gyroscope; picture-in-picture; web-share\" referrerpolicy=\"strict-origin-when-cross-origin\" allowfullscreen><\/iframe><\/div>\n<\/div><\/figure>\n\n\n\n<p>Illume Designs \u00e8 sempre stata all&#8217;avanguardia creativa del product design. Creando marchi come NYA-EVO, una nuova generazione di zaini da avventura per il mercato delle attrezzature fotografiche e, pi\u00f9 di recente, GRUMBLER, un sistema di divisori personalizzabili per fissare una borsa fotografica. La risorsa pi\u00f9 importante di Illume Designs \u00e8 il rapporto con i clienti. Ascoltando e poi creando prodotti che devono soddisfare una domanda, \u00e8 cos\u00ec che i prodotti rimangono focalizzati e potenti. La nostra missione \u00e8 creare attrezzature intuitive e che rispondano alle tue esigenze e aspettative. Un&#8217;attrezzatura fantastica \u00e8 quando non devi preoccuparti di tenere al sicuro le tue fotocamere. Cos\u00ec puoi concentrarti su ci\u00f2 che \u00e8 importante: il viaggio che ti aspetta.<\/p>\n\n\n\n<p>La nuova bosa da bici \u00e8 compatibile con moduli fotografici NYA-EVO <\/p>\n\n\n\n<div class=\"wp-block-buttons is-layout-flex wp-block-buttons-is-layout-flex\">\n<div class=\"wp-block-button\"><a class=\"wp-block-button__link wp-element-button\" href=\"https:\/\/www.fotocolombo.it\/shop\/product\/nyaevo-nyaevofjordbike28waterproofbicyclepannierbaggraphite-it-493941-3420\/\" target=\"_blank\" rel=\"noreferrer noopener\">Scopri di pi\u00f9<\/a><\/div>\n<\/div>\n","protected":false},"excerpt":{"rendered":"<p>Illume Designs \u00e8 sempre stata all&#8217;avanguardia creativa del product design. Creando marchi come NYA-EVO, una nuova generazione di zaini da [&hellip;]<\/p>\n","protected":false},"author":2,"featured_media":480,"comment_status":"closed","ping_status":"open","sticky":false,"template":"","format":"standard","meta":{"site-sidebar-layout":"default","site-content-layout":"","ast-site-content-layout":"","site-content-style":"default","site-sidebar-style":"default","ast-global-header-display":"","ast-banner-title-visibility":"","ast-main-header-display":"","ast-hfb-above-header-display":"","ast-hfb-below-header-display":"","ast-hfb-mobile-header-display":"","site-post-title":"","ast-breadcrumbs-content":"","ast-featured-img":"","footer-sml-layout":"","theme-transparent-header-meta":"","adv-header-id-meta":"","stick-header-meta":"","header-above-stick-meta":"","header-main-stick-meta":"","header-below-stick-meta":"","astra-migrate-meta-layouts":"default","ast-page-background-enabled":"default","ast-page-background-meta":{"desktop":{"background-color":"var(--ast-global-color-5)","background-image":"","background-repeat":"repeat","background-position":"center center","background-size":"auto","background-attachment":"scroll","background-type":"","background-media":"","overlay-type":"","overlay-color":"","overlay-opacity":"","overlay-gradient":""},"tablet":{"background-color":"","background-image":"","background-repeat":"repeat","background-position":"center center","background-size":"auto","background-attachment":"scroll","background-type":"","background-media":"","overlay-type":"","overlay-color":"","overlay-opacity":"","overlay-gradient":""},"mobile":{"background-color":"","background-image":"","background-repeat":"repeat","background-position":"center center","background-size":"auto","background-attachment":"scroll","background-type":"","background-media":"","overlay-type":"","overlay-color":"","overlay-opacity":"","overlay-gradient":""}},"ast-content-background-meta":{"desktop":{"background-color":"var(--ast-global-color-4)","background-image":"","background-repeat":"repeat","background-position":"center center","background-size":"auto","background-attachment":"scroll","background-type":"","background-media":"","overlay-type":"","overlay-color":"","overlay-opacity":"","overlay-gradient":""},"tablet":{"background-color":"var(--ast-global-color-4)","background-image":"","background-repeat":"repeat","background-position":"center center","background-size":"auto","background-attachment":"scroll","background-type":"","background-media":"","overlay-type":"","overlay-color":"","overlay-opacity":"","overlay-gradient":""},"mobile":{"background-color":"var(--ast-global-color-4)","background-image":"","background-repeat":"repeat","background-position":"center center","background-size":"auto","background-attachment":"scroll","background-type":"","background-media":"","overlay-type":"","overlay-color":"","overlay-opacity":"","overlay-gradient":""}},"footnotes":""},"categories":[7],"tags":[],"class_list":["post-477","post","type-post","status-publish","format-standard","has-post-thumbnail","hentry","category-novita"],"yoast_head":"<!-- This site is optimized with the Yoast SEO plugin v24.7 - https:\/\/yoast.com\/wordpress\/plugins\/seo\/ -->\n<title>FJORD BIKE 28 di Nya-Evo: Borsa da bici per i fotografi - FotoColombo Team<\/title>\n<meta name=\"robots\" content=\"index, follow, max-snippet:-1, max-image-preview:large, max-video-preview:-1\" \/>\n<link rel=\"canonical\" href=\"https:\/\/team.fotocolombo.it\/index.php\/2025\/03\/19\/fjord-bike-28-di-nya-evo-borsa-da-bici-per-i-fotografi\/\" \/>\n<meta property=\"og:locale\" content=\"it_IT\" \/>\n<meta property=\"og:type\" content=\"article\" \/>\n<meta property=\"og:title\" content=\"FJORD BIKE 28 di Nya-Evo: Borsa da bici per i fotografi - FotoColombo Team\" \/>\n<meta property=\"og:description\" content=\"Illume Designs \u00e8 sempre stata all&#8217;avanguardia creativa del product design. Creando marchi come NYA-EVO, una nuova generazione di zaini da [&hellip;]\" \/>\n<meta property=\"og:url\" content=\"https:\/\/team.fotocolombo.it\/index.php\/2025\/03\/19\/fjord-bike-28-di-nya-evo-borsa-da-bici-per-i-fotografi\/\" \/>\n<meta property=\"og:site_name\" content=\"FotoColombo Team\" \/>\n<meta property=\"article:publisher\" content=\"https:\/\/www.facebook.com\/fotocolombo.it\" \/>\n<meta property=\"article:published_time\" content=\"2025-03-19T11:18:31+00:00\" \/>\n<meta property=\"article:modified_time\" content=\"2025-03-19T11:19:54+00:00\" \/>\n<meta property=\"og:image\" content=\"https:\/\/team.fotocolombo.it\/wp-content\/uploads\/2025\/03\/fjordBike-1.jpg\" \/>\n\t<meta property=\"og:image:width\" content=\"816\" \/>\n\t<meta property=\"og:image:height\" content=\"584\" \/>\n\t<meta property=\"og:image:type\" content=\"image\/jpeg\" \/>\n<meta name=\"author\" content=\"Fotocolombo Team\" \/>\n<meta name=\"twitter:card\" content=\"summary_large_image\" \/>\n<meta name=\"twitter:label1\" content=\"Scritto da\" \/>\n\t<meta name=\"twitter:data1\" content=\"Fotocolombo Team\" \/>\n\t<meta name=\"twitter:label2\" content=\"Tempo di lettura stimato\" \/>\n\t<meta name=\"twitter:data2\" content=\"1 minuto\" \/>\n<script type=\"application\/ld+json\" class=\"yoast-schema-graph\">{\"@context\":\"https:\/\/schema.org\",\"@graph\":[{\"@type\":\"Article\",\"@id\":\"https:\/\/team.fotocolombo.it\/index.php\/2025\/03\/19\/fjord-bike-28-di-nya-evo-borsa-da-bici-per-i-fotografi\/#article\",\"isPartOf\":{\"@id\":\"https:\/\/team.fotocolombo.it\/index.php\/2025\/03\/19\/fjord-bike-28-di-nya-evo-borsa-da-bici-per-i-fotografi\/\"},\"author\":{\"name\":\"Fotocolombo Team\",\"@id\":\"https:\/\/team.fotocolombo.it\/#\/schema\/person\/0191c2eb02c268eb2d6500631e51b645\"},\"headline\":\"FJORD BIKE 28 di Nya-Evo: Borsa da bici per i fotografi\",\"datePublished\":\"2025-03-19T11:18:31+00:00\",\"dateModified\":\"2025-03-19T11:19:54+00:00\",\"mainEntityOfPage\":{\"@id\":\"https:\/\/team.fotocolombo.it\/index.php\/2025\/03\/19\/fjord-bike-28-di-nya-evo-borsa-da-bici-per-i-fotografi\/\"},\"wordCount\":142,\"publisher\":{\"@id\":\"https:\/\/team.fotocolombo.it\/#organization\"},\"image\":{\"@id\":\"https:\/\/team.fotocolombo.it\/index.php\/2025\/03\/19\/fjord-bike-28-di-nya-evo-borsa-da-bici-per-i-fotografi\/#primaryimage\"},\"thumbnailUrl\":\"https:\/\/team.fotocolombo.it\/wp-content\/uploads\/2025\/03\/fjordBike-1.jpg\",\"articleSection\":[\"Novit\u00e0\"],\"inLanguage\":\"it-IT\"},{\"@type\":\"WebPage\",\"@id\":\"https:\/\/team.fotocolombo.it\/index.php\/2025\/03\/19\/fjord-bike-28-di-nya-evo-borsa-da-bici-per-i-fotografi\/\",\"url\":\"https:\/\/team.fotocolombo.it\/index.php\/2025\/03\/19\/fjord-bike-28-di-nya-evo-borsa-da-bici-per-i-fotografi\/\",\"name\":\"FJORD BIKE 28 di Nya-Evo: Borsa da bici per i fotografi - FotoColombo Team\",\"isPartOf\":{\"@id\":\"https:\/\/team.fotocolombo.it\/#website\"},\"primaryImageOfPage\":{\"@id\":\"https:\/\/team.fotocolombo.it\/index.php\/2025\/03\/19\/fjord-bike-28-di-nya-evo-borsa-da-bici-per-i-fotografi\/#primaryimage\"},\"image\":{\"@id\":\"https:\/\/team.fotocolombo.it\/index.php\/2025\/03\/19\/fjord-bike-28-di-nya-evo-borsa-da-bici-per-i-fotografi\/#primaryimage\"},\"thumbnailUrl\":\"https:\/\/team.fotocolombo.it\/wp-content\/uploads\/2025\/03\/fjordBike-1.jpg\",\"datePublished\":\"2025-03-19T11:18:31+00:00\",\"dateModified\":\"2025-03-19T11:19:54+00:00\",\"breadcrumb\":{\"@id\":\"https:\/\/team.fotocolombo.it\/index.php\/2025\/03\/19\/fjord-bike-28-di-nya-evo-borsa-da-bici-per-i-fotografi\/#breadcrumb\"},\"inLanguage\":\"it-IT\",\"potentialAction\":[{\"@type\":\"ReadAction\",\"target\":[\"https:\/\/team.fotocolombo.it\/index.php\/2025\/03\/19\/fjord-bike-28-di-nya-evo-borsa-da-bici-per-i-fotografi\/\"]}]},{\"@type\":\"ImageObject\",\"inLanguage\":\"it-IT\",\"@id\":\"https:\/\/team.fotocolombo.it\/index.php\/2025\/03\/19\/fjord-bike-28-di-nya-evo-borsa-da-bici-per-i-fotografi\/#primaryimage\",\"url\":\"https:\/\/team.fotocolombo.it\/wp-content\/uploads\/2025\/03\/fjordBike-1.jpg\",\"contentUrl\":\"https:\/\/team.fotocolombo.it\/wp-content\/uploads\/2025\/03\/fjordBike-1.jpg\",\"width\":816,\"height\":584},{\"@type\":\"BreadcrumbList\",\"@id\":\"https:\/\/team.fotocolombo.it\/index.php\/2025\/03\/19\/fjord-bike-28-di-nya-evo-borsa-da-bici-per-i-fotografi\/#breadcrumb\",\"itemListElement\":[{\"@type\":\"ListItem\",\"position\":1,\"name\":\"Home\",\"item\":\"https:\/\/team.fotocolombo.it\/\"},{\"@type\":\"ListItem\",\"position\":2,\"name\":\"FJORD BIKE 28 di Nya-Evo: Borsa da bici per i fotografi\"}]},{\"@type\":\"WebSite\",\"@id\":\"https:\/\/team.fotocolombo.it\/#website\",\"url\":\"https:\/\/team.fotocolombo.it\/\",\"name\":\"FotoColombo.it Blog\",\"description\":\"\",\"publisher\":{\"@id\":\"https:\/\/team.fotocolombo.it\/#organization\"},\"potentialAction\":[{\"@type\":\"SearchAction\",\"target\":{\"@type\":\"EntryPoint\",\"urlTemplate\":\"https:\/\/team.fotocolombo.it\/?s={search_term_string}\"},\"query-input\":{\"@type\":\"PropertyValueSpecification\",\"valueRequired\":true,\"valueName\":\"search_term_string\"}}],\"inLanguage\":\"it-IT\"},{\"@type\":\"Organization\",\"@id\":\"https:\/\/team.fotocolombo.it\/#organization\",\"name\":\"FotoColombo.it Blog\",\"url\":\"https:\/\/team.fotocolombo.it\/\",\"logo\":{\"@type\":\"ImageObject\",\"inLanguage\":\"it-IT\",\"@id\":\"https:\/\/team.fotocolombo.it\/#\/schema\/logo\/image\/\",\"url\":\"https:\/\/team.fotocolombo.it\/wp-content\/uploads\/2025\/03\/logoFCTeam-1-scaled.jpg\",\"contentUrl\":\"https:\/\/team.fotocolombo.it\/wp-content\/uploads\/2025\/03\/logoFCTeam-1-scaled.jpg\",\"width\":2560,\"height\":349,\"caption\":\"FotoColombo.it Blog\"},\"image\":{\"@id\":\"https:\/\/team.fotocolombo.it\/#\/schema\/logo\/image\/\"},\"sameAs\":[\"https:\/\/www.facebook.com\/fotocolombo.it\",\"https:\/\/www.instagram.com\/fotocolombo.it\/\"]},{\"@type\":\"Person\",\"@id\":\"https:\/\/team.fotocolombo.it\/#\/schema\/person\/0191c2eb02c268eb2d6500631e51b645\",\"name\":\"Fotocolombo Team\",\"image\":{\"@type\":\"ImageObject\",\"inLanguage\":\"it-IT\",\"@id\":\"https:\/\/team.fotocolombo.it\/#\/schema\/person\/image\/\",\"url\":\"https:\/\/secure.gravatar.com\/avatar\/a80bafa2c444b3a41fdcf2b233cca7fe7f5b241e4c7b1315fa0b92aee94eb919?s=96&d=mm&r=g\",\"contentUrl\":\"https:\/\/secure.gravatar.com\/avatar\/a80bafa2c444b3a41fdcf2b233cca7fe7f5b241e4c7b1315fa0b92aee94eb919?s=96&d=mm&r=g\",\"caption\":\"Fotocolombo Team\"},\"url\":\"https:\/\/team.fotocolombo.it\/index.php\/author\/fotocolombo-nicologmail-com\/\"}]}<\/script>\n<!-- \/ Yoast SEO plugin. -->","yoast_head_json":{"title":"FJORD BIKE 28 di Nya-Evo: Borsa da bici per i fotografi - FotoColombo Team","robots":{"index":"index","follow":"follow","max-snippet":"max-snippet:-1","max-image-preview":"max-image-preview:large","max-video-preview":"max-video-preview:-1"},"canonical":"https:\/\/team.fotocolombo.it\/index.php\/2025\/03\/19\/fjord-bike-28-di-nya-evo-borsa-da-bici-per-i-fotografi\/","og_locale":"it_IT","og_type":"article","og_title":"FJORD BIKE 28 di Nya-Evo: Borsa da bici per i fotografi - FotoColombo Team","og_description":"Illume Designs \u00e8 sempre stata all&#8217;avanguardia creativa del product design. Creando marchi come NYA-EVO, una nuova generazione di zaini da [&hellip;]","og_url":"https:\/\/team.fotocolombo.it\/index.php\/2025\/03\/19\/fjord-bike-28-di-nya-evo-borsa-da-bici-per-i-fotografi\/","og_site_name":"FotoColombo Team","article_publisher":"https:\/\/www.facebook.com\/fotocolombo.it","article_published_time":"2025-03-19T11:18:31+00:00","article_modified_time":"2025-03-19T11:19:54+00:00","og_image":[{"width":816,"height":584,"url":"https:\/\/team.fotocolombo.it\/wp-content\/uploads\/2025\/03\/fjordBike-1.jpg","type":"image\/jpeg"}],"author":"Fotocolombo Team","twitter_card":"summary_large_image","twitter_misc":{"Scritto da":"Fotocolombo Team","Tempo di lettura stimato":"1 minuto"},"schema":{"@context":"https:\/\/schema.org","@graph":[{"@type":"Article","@id":"https:\/\/team.fotocolombo.it\/index.php\/2025\/03\/19\/fjord-bike-28-di-nya-evo-borsa-da-bici-per-i-fotografi\/#article","isPartOf":{"@id":"https:\/\/team.fotocolombo.it\/index.php\/2025\/03\/19\/fjord-bike-28-di-nya-evo-borsa-da-bici-per-i-fotografi\/"},"author":{"name":"Fotocolombo Team","@id":"https:\/\/team.fotocolombo.it\/#\/schema\/person\/0191c2eb02c268eb2d6500631e51b645"},"headline":"FJORD BIKE 28 di Nya-Evo: Borsa da bici per i fotografi","datePublished":"2025-03-19T11:18:31+00:00","dateModified":"2025-03-19T11:19:54+00:00","mainEntityOfPage":{"@id":"https:\/\/team.fotocolombo.it\/index.php\/2025\/03\/19\/fjord-bike-28-di-nya-evo-borsa-da-bici-per-i-fotografi\/"},"wordCount":142,"publisher":{"@id":"https:\/\/team.fotocolombo.it\/#organization"},"image":{"@id":"https:\/\/team.fotocolombo.it\/index.php\/2025\/03\/19\/fjord-bike-28-di-nya-evo-borsa-da-bici-per-i-fotografi\/#primaryimage"},"thumbnailUrl":"https:\/\/team.fotocolombo.it\/wp-content\/uploads\/2025\/03\/fjordBike-1.jpg","articleSection":["Novit\u00e0"],"inLanguage":"it-IT"},{"@type":"WebPage","@id":"https:\/\/team.fotocolombo.it\/index.php\/2025\/03\/19\/fjord-bike-28-di-nya-evo-borsa-da-bici-per-i-fotografi\/","url":"https:\/\/team.fotocolombo.it\/index.php\/2025\/03\/19\/fjord-bike-28-di-nya-evo-borsa-da-bici-per-i-fotografi\/","name":"FJORD BIKE 28 di Nya-Evo: Borsa da bici per i fotografi - FotoColombo Team","isPartOf":{"@id":"https:\/\/team.fotocolombo.it\/#website"},"primaryImageOfPage":{"@id":"https:\/\/team.fotocolombo.it\/index.php\/2025\/03\/19\/fjord-bike-28-di-nya-evo-borsa-da-bici-per-i-fotografi\/#primaryimage"},"image":{"@id":"https:\/\/team.fotocolombo.it\/index.php\/2025\/03\/19\/fjord-bike-28-di-nya-evo-borsa-da-bici-per-i-fotografi\/#primaryimage"},"thumbnailUrl":"https:\/\/team.fotocolombo.it\/wp-content\/uploads\/2025\/03\/fjordBike-1.jpg","datePublished":"2025-03-19T11:18:31+00:00","dateModified":"2025-03-19T11:19:54+00:00","breadcrumb":{"@id":"https:\/\/team.fotocolombo.it\/index.php\/2025\/03\/19\/fjord-bike-28-di-nya-evo-borsa-da-bici-per-i-fotografi\/#breadcrumb"},"inLanguage":"it-IT","potentialAction":[{"@type":"ReadAction","target":["https:\/\/team.fotocolombo.it\/index.php\/2025\/03\/19\/fjord-bike-28-di-nya-evo-borsa-da-bici-per-i-fotografi\/"]}]},{"@type":"ImageObject","inLanguage":"it-IT","@id":"https:\/\/team.fotocolombo.it\/index.php\/2025\/03\/19\/fjord-bike-28-di-nya-evo-borsa-da-bici-per-i-fotografi\/#primaryimage","url":"https:\/\/team.fotocolombo.it\/wp-content\/uploads\/2025\/03\/fjordBike-1.jpg","contentUrl":"https:\/\/team.fotocolombo.it\/wp-content\/uploads\/2025\/03\/fjordBike-1.jpg","width":816,"height":584},{"@type":"BreadcrumbList","@id":"https:\/\/team.fotocolombo.it\/index.php\/2025\/03\/19\/fjord-bike-28-di-nya-evo-borsa-da-bici-per-i-fotografi\/#breadcrumb","itemListElement":[{"@type":"ListItem","position":1,"name":"Home","item":"https:\/\/team.fotocolombo.it\/"},{"@type":"ListItem","position":2,"name":"FJORD BIKE 28 di Nya-Evo: Borsa da bici per i fotografi"}]},{"@type":"WebSite","@id":"https:\/\/team.fotocolombo.it\/#website","url":"https:\/\/team.fotocolombo.it\/","name":"FotoColombo.it Blog","description":"","publisher":{"@id":"https:\/\/team.fotocolombo.it\/#organization"},"potentialAction":[{"@type":"SearchAction","target":{"@type":"EntryPoint","urlTemplate":"https:\/\/team.fotocolombo.it\/?s={search_term_string}"},"query-input":{"@type":"PropertyValueSpecification","valueRequired":true,"valueName":"search_term_string"}}],"inLanguage":"it-IT"},{"@type":"Organization","@id":"https:\/\/team.fotocolombo.it\/#organization","name":"FotoColombo.it Blog","url":"https:\/\/team.fotocolombo.it\/","logo":{"@type":"ImageObject","inLanguage":"it-IT","@id":"https:\/\/team.fotocolombo.it\/#\/schema\/logo\/image\/","url":"https:\/\/team.fotocolombo.it\/wp-content\/uploads\/2025\/03\/logoFCTeam-1-scaled.jpg","contentUrl":"https:\/\/team.fotocolombo.it\/wp-content\/uploads\/2025\/03\/logoFCTeam-1-scaled.jpg","width":2560,"height":349,"caption":"FotoColombo.it Blog"},"image":{"@id":"https:\/\/team.fotocolombo.it\/#\/schema\/logo\/image\/"},"sameAs":["https:\/\/www.facebook.com\/fotocolombo.it","https:\/\/www.instagram.com\/fotocolombo.it\/"]},{"@type":"Person","@id":"https:\/\/team.fotocolombo.it\/#\/schema\/person\/0191c2eb02c268eb2d6500631e51b645","name":"Fotocolombo Team","image":{"@type":"ImageObject","inLanguage":"it-IT","@id":"https:\/\/team.fotocolombo.it\/#\/schema\/person\/image\/","url":"https:\/\/secure.gravatar.com\/avatar\/a80bafa2c444b3a41fdcf2b233cca7fe7f5b241e4c7b1315fa0b92aee94eb919?s=96&d=mm&r=g","contentUrl":"https:\/\/secure.gravatar.com\/avatar\/a80bafa2c444b3a41fdcf2b233cca7fe7f5b241e4c7b1315fa0b92aee94eb919?s=96&d=mm&r=g","caption":"Fotocolombo Team"},"url":"https:\/\/team.fotocolombo.it\/index.php\/author\/fotocolombo-nicologmail-com\/"}]}},"_links":{"self":[{"href":"https:\/\/team.fotocolombo.it\/index.php\/wp-json\/wp\/v2\/posts\/477","targetHints":{"allow":["GET"]}}],"collection":[{"href":"https:\/\/team.fotocolombo.it\/index.php\/wp-json\/wp\/v2\/posts"}],"about":[{"href":"https:\/\/team.fotocolombo.it\/index.php\/wp-json\/wp\/v2\/types\/post"}],"author":[{"embeddable":true,"href":"https:\/\/team.fotocolombo.it\/index.php\/wp-json\/wp\/v2\/users\/2"}],"replies":[{"embeddable":true,"href":"https:\/\/team.fotocolombo.it\/index.php\/wp-json\/wp\/v2\/comments?post=477"}],"version-history":[{"count":1,"href":"https:\/\/team.fotocolombo.it\/index.php\/wp-json\/wp\/v2\/posts\/477\/revisions"}],"predecessor-version":[{"id":479,"href":"https:\/\/team.fotocolombo.it\/index.php\/wp-json\/wp\/v2\/posts\/477\/revisions\/479"}],"wp:featuredmedia":[{"embeddable":true,"href":"https:\/\/team.fotocolombo.it\/index.php\/wp-json\/wp\/v2\/media\/480"}],"wp:attachment":[{"href":"https:\/\/team.fotocolombo.it\/index.php\/wp-json\/wp\/v2\/media?parent=477"}],"wp:term":[{"taxonomy":"category","embeddable":true,"href":"https:\/\/team.fotocolombo.it\/index.php\/wp-json\/wp\/v2\/categories?post=477"},{"taxonomy":"post_tag","embeddable":true,"href":"https:\/\/team.fotocolombo.it\/index.php\/wp-json\/wp\/v2\/tags?post=477"}],"curies":[{"name":"wp","href":"https:\/\/api.w.org\/{rel}","templated":true}]}}