{"id":545,"date":"2025-03-20T12:37:13","date_gmt":"2025-03-20T11:37:13","guid":{"rendered":"https:\/\/team.fotocolombo.it\/?p=545"},"modified":"2025-03-20T13:24:41","modified_gmt":"2025-03-20T12:24:41","slug":"nuova-fujifilm-gfx-100-rf","status":"publish","type":"post","link":"https:\/\/team.fotocolombo.it\/index.php\/2025\/03\/20\/nuova-fujifilm-gfx-100-rf\/","title":{"rendered":"Nuova Fujifilm GFX 100 RF"},"content":{"rendered":"\n<figure class=\"wp-block-image size-large\"><img fetchpriority=\"high\" decoding=\"async\" width=\"1024\" height=\"523\" src=\"https:\/\/team.fotocolombo.it\/wp-content\/uploads\/2025\/03\/100-1024x523.jpg\" alt=\"\" class=\"wp-image-548\" srcset=\"https:\/\/team.fotocolombo.it\/wp-content\/uploads\/2025\/03\/100-1024x523.jpg 1024w, https:\/\/team.fotocolombo.it\/wp-content\/uploads\/2025\/03\/100-300x153.jpg 300w, https:\/\/team.fotocolombo.it\/wp-content\/uploads\/2025\/03\/100-768x392.jpg 768w, https:\/\/team.fotocolombo.it\/wp-content\/uploads\/2025\/03\/100.jpg 1314w\" sizes=\"(max-width: 1024px) 100vw, 1024px\" \/><\/figure>\n\n\n\n<p>20 marzo 2025, \u00e8 questa la data in cui \u00e8 stata presentata la Fujifilm GFX 100 RF, la prima fotocamera compatta di medio formato del sistema GFX con sensore da 102 megapixel e ottica fissa 35mm f4 (equilvale al 28mm sul formato 35mm).<\/p>\n\n\n\n<p>La GFX 100 RF (Rangefinder style Fixed lens) \u00e8 fotocamera pi\u00f9 piccola e leggera mai costruita in questa categoria, crea una nuova e affascinate possibilit\u00e0 ai fotografi pi\u00f9 esigenti nell&#8217;utilizzo di tutti giorni, \u00e8 la fotocamera ideale per scatti veloci e fotografia da viaggio.<\/p>\n\n\n\n<figure class=\"wp-block-image size-large\"><img decoding=\"async\" width=\"1024\" height=\"317\" src=\"https:\/\/team.fotocolombo.it\/wp-content\/uploads\/2025\/03\/oriz-1024x317.jpg\" alt=\"\" class=\"wp-image-549\" srcset=\"https:\/\/team.fotocolombo.it\/wp-content\/uploads\/2025\/03\/oriz-1024x317.jpg 1024w, https:\/\/team.fotocolombo.it\/wp-content\/uploads\/2025\/03\/oriz-300x93.jpg 300w, https:\/\/team.fotocolombo.it\/wp-content\/uploads\/2025\/03\/oriz-768x238.jpg 768w, https:\/\/team.fotocolombo.it\/wp-content\/uploads\/2025\/03\/oriz.jpg 1348w\" sizes=\"(max-width: 1024px) 100vw, 1024px\" \/><\/figure>\n\n\n\n<p>La ricercatezza del design, la grande trasportabilit\u00e0 e l&#8217;ottica fissa la fanno diventare una delle vere novit\u00e0 fotografiche degli ultimi anni.<\/p>\n\n\n\n<p>Pesa solo 735 grammi, meno di una Fujifilm X-T5+16-50 f\/2.8-4, monta il sensore GFX 102MP CMOS II abbinato all&#8217; X-Processor 5 per un eccezionale espressione di alta performance e trasportabilit\u00e0.<\/p>\n\n\n\n<figure class=\"wp-block-image size-large\"><img decoding=\"async\" width=\"1024\" height=\"339\" src=\"https:\/\/team.fotocolombo.it\/wp-content\/uploads\/2025\/03\/schermo-1-1024x339.jpg\" alt=\"\" class=\"wp-image-551\" srcset=\"https:\/\/team.fotocolombo.it\/wp-content\/uploads\/2025\/03\/schermo-1-1024x339.jpg 1024w, https:\/\/team.fotocolombo.it\/wp-content\/uploads\/2025\/03\/schermo-1-300x99.jpg 300w, https:\/\/team.fotocolombo.it\/wp-content\/uploads\/2025\/03\/schermo-1-768x254.jpg 768w, https:\/\/team.fotocolombo.it\/wp-content\/uploads\/2025\/03\/schermo-1.jpg 1337w\" sizes=\"(max-width: 1024px) 100vw, 1024px\" \/><\/figure>\n\n\n\n<p>monta un monitor da 3,15&#8243; e un LCD da 2.1 mil. di punti<\/p>\n\n\n\n<figure class=\"wp-block-image size-large\"><img loading=\"lazy\" decoding=\"async\" width=\"1024\" height=\"305\" src=\"https:\/\/team.fotocolombo.it\/wp-content\/uploads\/2025\/03\/ratio-1024x305.jpg\" alt=\"\" class=\"wp-image-550\" srcset=\"https:\/\/team.fotocolombo.it\/wp-content\/uploads\/2025\/03\/ratio-1024x305.jpg 1024w, https:\/\/team.fotocolombo.it\/wp-content\/uploads\/2025\/03\/ratio-300x89.jpg 300w, https:\/\/team.fotocolombo.it\/wp-content\/uploads\/2025\/03\/ratio-768x228.jpg 768w, https:\/\/team.fotocolombo.it\/wp-content\/uploads\/2025\/03\/ratio.jpg 1355w\" sizes=\"(max-width: 1024px) 100vw, 1024px\" \/><\/figure>\n\n\n\n<p>Possibilit\u00e0 di passare velocemente da un formato all&#8217;altro senza perde il momento di scatto<\/p>\n\n\n\n<figure class=\"wp-block-image size-large\"><img loading=\"lazy\" decoding=\"async\" width=\"1024\" height=\"365\" src=\"https:\/\/team.fotocolombo.it\/wp-content\/uploads\/2025\/03\/leafShutter-1024x365.jpg\" alt=\"\" class=\"wp-image-552\" srcset=\"https:\/\/team.fotocolombo.it\/wp-content\/uploads\/2025\/03\/leafShutter-1024x365.jpg 1024w, https:\/\/team.fotocolombo.it\/wp-content\/uploads\/2025\/03\/leafShutter-300x107.jpg 300w, https:\/\/team.fotocolombo.it\/wp-content\/uploads\/2025\/03\/leafShutter-768x274.jpg 768w, https:\/\/team.fotocolombo.it\/wp-content\/uploads\/2025\/03\/leafShutter.jpg 1346w\" sizes=\"(max-width: 1024px) 100vw, 1024px\" \/><\/figure>\n\n\n\n<p>Con il nuovo sistema &#8220;Leaf Shutter&#8221; sar\u00e0 ora possibile l&#8217;utilizzo del flash per scatti diurni a qualsiasi velocit\u00e0 di scatto inoltre troviamo all&#8217;interno anche la possibilit\u00e0 di utilizzare un filtro ND fino 4 stop<\/p>\n\n\n\n<figure class=\"wp-block-image size-large\"><img loading=\"lazy\" decoding=\"async\" width=\"1024\" height=\"339\" src=\"https:\/\/team.fotocolombo.it\/wp-content\/uploads\/2025\/03\/mirino-1024x339.jpg\" alt=\"\" class=\"wp-image-553\" srcset=\"https:\/\/team.fotocolombo.it\/wp-content\/uploads\/2025\/03\/mirino-1024x339.jpg 1024w, https:\/\/team.fotocolombo.it\/wp-content\/uploads\/2025\/03\/mirino-300x99.jpg 300w, https:\/\/team.fotocolombo.it\/wp-content\/uploads\/2025\/03\/mirino-768x254.jpg 768w, https:\/\/team.fotocolombo.it\/wp-content\/uploads\/2025\/03\/mirino.jpg 1355w\" sizes=\"(max-width: 1024px) 100vw, 1024px\" \/><\/figure>\n\n\n\n<p>Viene montato un mirino con ingrandimento di x0.84 per una risoluzione di 5.76 di punti, lo stesso montato su GFX 100 S II, che garantisce un mirini ideale senza compromessi di qualit\u00e0<\/p>\n\n\n\n<figure class=\"wp-block-image size-large\"><img loading=\"lazy\" decoding=\"async\" width=\"1024\" height=\"377\" src=\"https:\/\/team.fotocolombo.it\/wp-content\/uploads\/2025\/03\/LEdUE-1024x377.jpg\" alt=\"\" class=\"wp-image-557\" srcset=\"https:\/\/team.fotocolombo.it\/wp-content\/uploads\/2025\/03\/LEdUE-1024x377.jpg 1024w, https:\/\/team.fotocolombo.it\/wp-content\/uploads\/2025\/03\/LEdUE-300x110.jpg 300w, https:\/\/team.fotocolombo.it\/wp-content\/uploads\/2025\/03\/LEdUE-768x283.jpg 768w, https:\/\/team.fotocolombo.it\/wp-content\/uploads\/2025\/03\/LEdUE.jpg 1245w\" sizes=\"(max-width: 1024px) 100vw, 1024px\" \/><\/figure>\n\n\n\n<p>Scopri le caratteristiche tecniche e il prezzo:<\/p>\n\n\n\n<p><\/p>\n\n\n\n<div class=\"wp-block-buttons is-layout-flex wp-block-buttons-is-layout-flex\">\n<div class=\"wp-block-button\"><a class=\"wp-block-button__link wp-element-button\" href=\"https:\/\/www.fotocolombo.it\/shop\/category\/fujifilmmarzo25-it-4573\/\">FUJIFILM GFX 100 RF<\/a><\/div>\n<\/div>\n\n\n\n<p><\/p>\n","protected":false},"excerpt":{"rendered":"<p>20 marzo 2025, \u00e8 questa la data in cui \u00e8 stata presentata la Fujifilm GFX 100 RF, la prima fotocamera [&hellip;]<\/p>\n","protected":false},"author":2,"featured_media":559,"comment_status":"closed","ping_status":"open","sticky":false,"template":"","format":"standard","meta":{"site-sidebar-layout":"default","site-content-layout":"","ast-site-content-layout":"","site-content-style":"default","site-sidebar-style":"default","ast-global-header-display":"","ast-banner-title-visibility":"","ast-main-header-display":"","ast-hfb-above-header-display":"","ast-hfb-below-header-display":"","ast-hfb-mobile-header-display":"","site-post-title":"","ast-breadcrumbs-content":"","ast-featured-img":"","footer-sml-layout":"","theme-transparent-header-meta":"","adv-header-id-meta":"","stick-header-meta":"","header-above-stick-meta":"","header-main-stick-meta":"","header-below-stick-meta":"","astra-migrate-meta-layouts":"default","ast-page-background-enabled":"default","ast-page-background-meta":{"desktop":{"background-color":"var(--ast-global-color-5)","background-image":"","background-repeat":"repeat","background-position":"center center","background-size":"auto","background-attachment":"scroll","background-type":"","background-media":"","overlay-type":"","overlay-color":"","overlay-opacity":"","overlay-gradient":""},"tablet":{"background-color":"","background-image":"","background-repeat":"repeat","background-position":"center center","background-size":"auto","background-attachment":"scroll","background-type":"","background-media":"","overlay-type":"","overlay-color":"","overlay-opacity":"","overlay-gradient":""},"mobile":{"background-color":"","background-image":"","background-repeat":"repeat","background-position":"center center","background-size":"auto","background-attachment":"scroll","background-type":"","background-media":"","overlay-type":"","overlay-color":"","overlay-opacity":"","overlay-gradient":""}},"ast-content-background-meta":{"desktop":{"background-color":"var(--ast-global-color-4)","background-image":"","background-repeat":"repeat","background-position":"center center","background-size":"auto","background-attachment":"scroll","background-type":"","background-media":"","overlay-type":"","overlay-color":"","overlay-opacity":"","overlay-gradient":""},"tablet":{"background-color":"var(--ast-global-color-4)","background-image":"","background-repeat":"repeat","background-position":"center center","background-size":"auto","background-attachment":"scroll","background-type":"","background-media":"","overlay-type":"","overlay-color":"","overlay-opacity":"","overlay-gradient":""},"mobile":{"background-color":"var(--ast-global-color-4)","background-image":"","background-repeat":"repeat","background-position":"center center","background-size":"auto","background-attachment":"scroll","background-type":"","background-media":"","overlay-type":"","overlay-color":"","overlay-opacity":"","overlay-gradient":""}},"footnotes":""},"categories":[7],"tags":[],"class_list":["post-545","post","type-post","status-publish","format-standard","has-post-thumbnail","hentry","category-novita"],"yoast_head":"<!-- This site is optimized with the Yoast SEO plugin v24.7 - https:\/\/yoast.com\/wordpress\/plugins\/seo\/ -->\n<title>Nuova Fujifilm GFX 100 RF - FotoColombo Team<\/title>\n<meta name=\"robots\" content=\"index, follow, max-snippet:-1, max-image-preview:large, max-video-preview:-1\" \/>\n<link rel=\"canonical\" href=\"https:\/\/team.fotocolombo.it\/index.php\/2025\/03\/20\/nuova-fujifilm-gfx-100-rf\/\" \/>\n<meta property=\"og:locale\" content=\"it_IT\" \/>\n<meta property=\"og:type\" content=\"article\" \/>\n<meta property=\"og:title\" content=\"Nuova Fujifilm GFX 100 RF - FotoColombo Team\" \/>\n<meta property=\"og:description\" content=\"20 marzo 2025, \u00e8 questa la data in cui \u00e8 stata presentata la Fujifilm GFX 100 RF, la prima fotocamera [&hellip;]\" \/>\n<meta property=\"og:url\" content=\"https:\/\/team.fotocolombo.it\/index.php\/2025\/03\/20\/nuova-fujifilm-gfx-100-rf\/\" \/>\n<meta property=\"og:site_name\" content=\"FotoColombo Team\" \/>\n<meta property=\"article:publisher\" content=\"https:\/\/www.facebook.com\/fotocolombo.it\" \/>\n<meta property=\"article:published_time\" content=\"2025-03-20T11:37:13+00:00\" \/>\n<meta property=\"article:modified_time\" content=\"2025-03-20T12:24:41+00:00\" \/>\n<meta property=\"og:image\" content=\"https:\/\/team.fotocolombo.it\/wp-content\/uploads\/2025\/03\/100A.jpg\" \/>\n\t<meta property=\"og:image:width\" content=\"1220\" \/>\n\t<meta property=\"og:image:height\" content=\"716\" \/>\n\t<meta property=\"og:image:type\" content=\"image\/jpeg\" \/>\n<meta name=\"author\" content=\"Fotocolombo Team\" \/>\n<meta name=\"twitter:card\" content=\"summary_large_image\" \/>\n<meta name=\"twitter:label1\" content=\"Scritto da\" \/>\n\t<meta name=\"twitter:data1\" content=\"Fotocolombo Team\" \/>\n\t<meta name=\"twitter:label2\" content=\"Tempo di lettura stimato\" \/>\n\t<meta name=\"twitter:data2\" content=\"3 minuti\" \/>\n<script type=\"application\/ld+json\" class=\"yoast-schema-graph\">{\"@context\":\"https:\/\/schema.org\",\"@graph\":[{\"@type\":\"Article\",\"@id\":\"https:\/\/team.fotocolombo.it\/index.php\/2025\/03\/20\/nuova-fujifilm-gfx-100-rf\/#article\",\"isPartOf\":{\"@id\":\"https:\/\/team.fotocolombo.it\/index.php\/2025\/03\/20\/nuova-fujifilm-gfx-100-rf\/\"},\"author\":{\"name\":\"Fotocolombo Team\",\"@id\":\"https:\/\/team.fotocolombo.it\/#\/schema\/person\/0191c2eb02c268eb2d6500631e51b645\"},\"headline\":\"Nuova Fujifilm GFX 100 RF\",\"datePublished\":\"2025-03-20T11:37:13+00:00\",\"dateModified\":\"2025-03-20T12:24:41+00:00\",\"mainEntityOfPage\":{\"@id\":\"https:\/\/team.fotocolombo.it\/index.php\/2025\/03\/20\/nuova-fujifilm-gfx-100-rf\/\"},\"wordCount\":231,\"publisher\":{\"@id\":\"https:\/\/team.fotocolombo.it\/#organization\"},\"image\":{\"@id\":\"https:\/\/team.fotocolombo.it\/index.php\/2025\/03\/20\/nuova-fujifilm-gfx-100-rf\/#primaryimage\"},\"thumbnailUrl\":\"https:\/\/team.fotocolombo.it\/wp-content\/uploads\/2025\/03\/100A.jpg\",\"articleSection\":[\"Novit\u00e0\"],\"inLanguage\":\"it-IT\"},{\"@type\":\"WebPage\",\"@id\":\"https:\/\/team.fotocolombo.it\/index.php\/2025\/03\/20\/nuova-fujifilm-gfx-100-rf\/\",\"url\":\"https:\/\/team.fotocolombo.it\/index.php\/2025\/03\/20\/nuova-fujifilm-gfx-100-rf\/\",\"name\":\"Nuova Fujifilm GFX 100 RF - FotoColombo Team\",\"isPartOf\":{\"@id\":\"https:\/\/team.fotocolombo.it\/#website\"},\"primaryImageOfPage\":{\"@id\":\"https:\/\/team.fotocolombo.it\/index.php\/2025\/03\/20\/nuova-fujifilm-gfx-100-rf\/#primaryimage\"},\"image\":{\"@id\":\"https:\/\/team.fotocolombo.it\/index.php\/2025\/03\/20\/nuova-fujifilm-gfx-100-rf\/#primaryimage\"},\"thumbnailUrl\":\"https:\/\/team.fotocolombo.it\/wp-content\/uploads\/2025\/03\/100A.jpg\",\"datePublished\":\"2025-03-20T11:37:13+00:00\",\"dateModified\":\"2025-03-20T12:24:41+00:00\",\"breadcrumb\":{\"@id\":\"https:\/\/team.fotocolombo.it\/index.php\/2025\/03\/20\/nuova-fujifilm-gfx-100-rf\/#breadcrumb\"},\"inLanguage\":\"it-IT\",\"potentialAction\":[{\"@type\":\"ReadAction\",\"target\":[\"https:\/\/team.fotocolombo.it\/index.php\/2025\/03\/20\/nuova-fujifilm-gfx-100-rf\/\"]}]},{\"@type\":\"ImageObject\",\"inLanguage\":\"it-IT\",\"@id\":\"https:\/\/team.fotocolombo.it\/index.php\/2025\/03\/20\/nuova-fujifilm-gfx-100-rf\/#primaryimage\",\"url\":\"https:\/\/team.fotocolombo.it\/wp-content\/uploads\/2025\/03\/100A.jpg\",\"contentUrl\":\"https:\/\/team.fotocolombo.it\/wp-content\/uploads\/2025\/03\/100A.jpg\",\"width\":1220,\"height\":716},{\"@type\":\"BreadcrumbList\",\"@id\":\"https:\/\/team.fotocolombo.it\/index.php\/2025\/03\/20\/nuova-fujifilm-gfx-100-rf\/#breadcrumb\",\"itemListElement\":[{\"@type\":\"ListItem\",\"position\":1,\"name\":\"Home\",\"item\":\"https:\/\/team.fotocolombo.it\/\"},{\"@type\":\"ListItem\",\"position\":2,\"name\":\"Nuova Fujifilm GFX 100 RF\"}]},{\"@type\":\"WebSite\",\"@id\":\"https:\/\/team.fotocolombo.it\/#website\",\"url\":\"https:\/\/team.fotocolombo.it\/\",\"name\":\"FotoColombo.it Blog\",\"description\":\"\",\"publisher\":{\"@id\":\"https:\/\/team.fotocolombo.it\/#organization\"},\"potentialAction\":[{\"@type\":\"SearchAction\",\"target\":{\"@type\":\"EntryPoint\",\"urlTemplate\":\"https:\/\/team.fotocolombo.it\/?s={search_term_string}\"},\"query-input\":{\"@type\":\"PropertyValueSpecification\",\"valueRequired\":true,\"valueName\":\"search_term_string\"}}],\"inLanguage\":\"it-IT\"},{\"@type\":\"Organization\",\"@id\":\"https:\/\/team.fotocolombo.it\/#organization\",\"name\":\"FotoColombo.it Blog\",\"url\":\"https:\/\/team.fotocolombo.it\/\",\"logo\":{\"@type\":\"ImageObject\",\"inLanguage\":\"it-IT\",\"@id\":\"https:\/\/team.fotocolombo.it\/#\/schema\/logo\/image\/\",\"url\":\"https:\/\/team.fotocolombo.it\/wp-content\/uploads\/2025\/03\/logoFCTeam-1-scaled.jpg\",\"contentUrl\":\"https:\/\/team.fotocolombo.it\/wp-content\/uploads\/2025\/03\/logoFCTeam-1-scaled.jpg\",\"width\":2560,\"height\":349,\"caption\":\"FotoColombo.it Blog\"},\"image\":{\"@id\":\"https:\/\/team.fotocolombo.it\/#\/schema\/logo\/image\/\"},\"sameAs\":[\"https:\/\/www.facebook.com\/fotocolombo.it\",\"https:\/\/www.instagram.com\/fotocolombo.it\/\"]},{\"@type\":\"Person\",\"@id\":\"https:\/\/team.fotocolombo.it\/#\/schema\/person\/0191c2eb02c268eb2d6500631e51b645\",\"name\":\"Fotocolombo Team\",\"image\":{\"@type\":\"ImageObject\",\"inLanguage\":\"it-IT\",\"@id\":\"https:\/\/team.fotocolombo.it\/#\/schema\/person\/image\/\",\"url\":\"https:\/\/secure.gravatar.com\/avatar\/a80bafa2c444b3a41fdcf2b233cca7fe7f5b241e4c7b1315fa0b92aee94eb919?s=96&d=mm&r=g\",\"contentUrl\":\"https:\/\/secure.gravatar.com\/avatar\/a80bafa2c444b3a41fdcf2b233cca7fe7f5b241e4c7b1315fa0b92aee94eb919?s=96&d=mm&r=g\",\"caption\":\"Fotocolombo Team\"},\"url\":\"https:\/\/team.fotocolombo.it\/index.php\/author\/fotocolombo-nicologmail-com\/\"}]}<\/script>\n<!-- \/ Yoast SEO plugin. -->","yoast_head_json":{"title":"Nuova Fujifilm GFX 100 RF - FotoColombo Team","robots":{"index":"index","follow":"follow","max-snippet":"max-snippet:-1","max-image-preview":"max-image-preview:large","max-video-preview":"max-video-preview:-1"},"canonical":"https:\/\/team.fotocolombo.it\/index.php\/2025\/03\/20\/nuova-fujifilm-gfx-100-rf\/","og_locale":"it_IT","og_type":"article","og_title":"Nuova Fujifilm GFX 100 RF - FotoColombo Team","og_description":"20 marzo 2025, \u00e8 questa la data in cui \u00e8 stata presentata la Fujifilm GFX 100 RF, la prima fotocamera [&hellip;]","og_url":"https:\/\/team.fotocolombo.it\/index.php\/2025\/03\/20\/nuova-fujifilm-gfx-100-rf\/","og_site_name":"FotoColombo Team","article_publisher":"https:\/\/www.facebook.com\/fotocolombo.it","article_published_time":"2025-03-20T11:37:13+00:00","article_modified_time":"2025-03-20T12:24:41+00:00","og_image":[{"width":1220,"height":716,"url":"https:\/\/team.fotocolombo.it\/wp-content\/uploads\/2025\/03\/100A.jpg","type":"image\/jpeg"}],"author":"Fotocolombo Team","twitter_card":"summary_large_image","twitter_misc":{"Scritto da":"Fotocolombo Team","Tempo di lettura stimato":"3 minuti"},"schema":{"@context":"https:\/\/schema.org","@graph":[{"@type":"Article","@id":"https:\/\/team.fotocolombo.it\/index.php\/2025\/03\/20\/nuova-fujifilm-gfx-100-rf\/#article","isPartOf":{"@id":"https:\/\/team.fotocolombo.it\/index.php\/2025\/03\/20\/nuova-fujifilm-gfx-100-rf\/"},"author":{"name":"Fotocolombo Team","@id":"https:\/\/team.fotocolombo.it\/#\/schema\/person\/0191c2eb02c268eb2d6500631e51b645"},"headline":"Nuova Fujifilm GFX 100 RF","datePublished":"2025-03-20T11:37:13+00:00","dateModified":"2025-03-20T12:24:41+00:00","mainEntityOfPage":{"@id":"https:\/\/team.fotocolombo.it\/index.php\/2025\/03\/20\/nuova-fujifilm-gfx-100-rf\/"},"wordCount":231,"publisher":{"@id":"https:\/\/team.fotocolombo.it\/#organization"},"image":{"@id":"https:\/\/team.fotocolombo.it\/index.php\/2025\/03\/20\/nuova-fujifilm-gfx-100-rf\/#primaryimage"},"thumbnailUrl":"https:\/\/team.fotocolombo.it\/wp-content\/uploads\/2025\/03\/100A.jpg","articleSection":["Novit\u00e0"],"inLanguage":"it-IT"},{"@type":"WebPage","@id":"https:\/\/team.fotocolombo.it\/index.php\/2025\/03\/20\/nuova-fujifilm-gfx-100-rf\/","url":"https:\/\/team.fotocolombo.it\/index.php\/2025\/03\/20\/nuova-fujifilm-gfx-100-rf\/","name":"Nuova Fujifilm GFX 100 RF - FotoColombo Team","isPartOf":{"@id":"https:\/\/team.fotocolombo.it\/#website"},"primaryImageOfPage":{"@id":"https:\/\/team.fotocolombo.it\/index.php\/2025\/03\/20\/nuova-fujifilm-gfx-100-rf\/#primaryimage"},"image":{"@id":"https:\/\/team.fotocolombo.it\/index.php\/2025\/03\/20\/nuova-fujifilm-gfx-100-rf\/#primaryimage"},"thumbnailUrl":"https:\/\/team.fotocolombo.it\/wp-content\/uploads\/2025\/03\/100A.jpg","datePublished":"2025-03-20T11:37:13+00:00","dateModified":"2025-03-20T12:24:41+00:00","breadcrumb":{"@id":"https:\/\/team.fotocolombo.it\/index.php\/2025\/03\/20\/nuova-fujifilm-gfx-100-rf\/#breadcrumb"},"inLanguage":"it-IT","potentialAction":[{"@type":"ReadAction","target":["https:\/\/team.fotocolombo.it\/index.php\/2025\/03\/20\/nuova-fujifilm-gfx-100-rf\/"]}]},{"@type":"ImageObject","inLanguage":"it-IT","@id":"https:\/\/team.fotocolombo.it\/index.php\/2025\/03\/20\/nuova-fujifilm-gfx-100-rf\/#primaryimage","url":"https:\/\/team.fotocolombo.it\/wp-content\/uploads\/2025\/03\/100A.jpg","contentUrl":"https:\/\/team.fotocolombo.it\/wp-content\/uploads\/2025\/03\/100A.jpg","width":1220,"height":716},{"@type":"BreadcrumbList","@id":"https:\/\/team.fotocolombo.it\/index.php\/2025\/03\/20\/nuova-fujifilm-gfx-100-rf\/#breadcrumb","itemListElement":[{"@type":"ListItem","position":1,"name":"Home","item":"https:\/\/team.fotocolombo.it\/"},{"@type":"ListItem","position":2,"name":"Nuova Fujifilm GFX 100 RF"}]},{"@type":"WebSite","@id":"https:\/\/team.fotocolombo.it\/#website","url":"https:\/\/team.fotocolombo.it\/","name":"FotoColombo.it Blog","description":"","publisher":{"@id":"https:\/\/team.fotocolombo.it\/#organization"},"potentialAction":[{"@type":"SearchAction","target":{"@type":"EntryPoint","urlTemplate":"https:\/\/team.fotocolombo.it\/?s={search_term_string}"},"query-input":{"@type":"PropertyValueSpecification","valueRequired":true,"valueName":"search_term_string"}}],"inLanguage":"it-IT"},{"@type":"Organization","@id":"https:\/\/team.fotocolombo.it\/#organization","name":"FotoColombo.it Blog","url":"https:\/\/team.fotocolombo.it\/","logo":{"@type":"ImageObject","inLanguage":"it-IT","@id":"https:\/\/team.fotocolombo.it\/#\/schema\/logo\/image\/","url":"https:\/\/team.fotocolombo.it\/wp-content\/uploads\/2025\/03\/logoFCTeam-1-scaled.jpg","contentUrl":"https:\/\/team.fotocolombo.it\/wp-content\/uploads\/2025\/03\/logoFCTeam-1-scaled.jpg","width":2560,"height":349,"caption":"FotoColombo.it Blog"},"image":{"@id":"https:\/\/team.fotocolombo.it\/#\/schema\/logo\/image\/"},"sameAs":["https:\/\/www.facebook.com\/fotocolombo.it","https:\/\/www.instagram.com\/fotocolombo.it\/"]},{"@type":"Person","@id":"https:\/\/team.fotocolombo.it\/#\/schema\/person\/0191c2eb02c268eb2d6500631e51b645","name":"Fotocolombo Team","image":{"@type":"ImageObject","inLanguage":"it-IT","@id":"https:\/\/team.fotocolombo.it\/#\/schema\/person\/image\/","url":"https:\/\/secure.gravatar.com\/avatar\/a80bafa2c444b3a41fdcf2b233cca7fe7f5b241e4c7b1315fa0b92aee94eb919?s=96&d=mm&r=g","contentUrl":"https:\/\/secure.gravatar.com\/avatar\/a80bafa2c444b3a41fdcf2b233cca7fe7f5b241e4c7b1315fa0b92aee94eb919?s=96&d=mm&r=g","caption":"Fotocolombo Team"},"url":"https:\/\/team.fotocolombo.it\/index.php\/author\/fotocolombo-nicologmail-com\/"}]}},"_links":{"self":[{"href":"https:\/\/team.fotocolombo.it\/index.php\/wp-json\/wp\/v2\/posts\/545","targetHints":{"allow":["GET"]}}],"collection":[{"href":"https:\/\/team.fotocolombo.it\/index.php\/wp-json\/wp\/v2\/posts"}],"about":[{"href":"https:\/\/team.fotocolombo.it\/index.php\/wp-json\/wp\/v2\/types\/post"}],"author":[{"embeddable":true,"href":"https:\/\/team.fotocolombo.it\/index.php\/wp-json\/wp\/v2\/users\/2"}],"replies":[{"embeddable":true,"href":"https:\/\/team.fotocolombo.it\/index.php\/wp-json\/wp\/v2\/comments?post=545"}],"version-history":[{"count":2,"href":"https:\/\/team.fotocolombo.it\/index.php\/wp-json\/wp\/v2\/posts\/545\/revisions"}],"predecessor-version":[{"id":560,"href":"https:\/\/team.fotocolombo.it\/index.php\/wp-json\/wp\/v2\/posts\/545\/revisions\/560"}],"wp:featuredmedia":[{"embeddable":true,"href":"https:\/\/team.fotocolombo.it\/index.php\/wp-json\/wp\/v2\/media\/559"}],"wp:attachment":[{"href":"https:\/\/team.fotocolombo.it\/index.php\/wp-json\/wp\/v2\/media?parent=545"}],"wp:term":[{"taxonomy":"category","embeddable":true,"href":"https:\/\/team.fotocolombo.it\/index.php\/wp-json\/wp\/v2\/categories?post=545"},{"taxonomy":"post_tag","embeddable":true,"href":"https:\/\/team.fotocolombo.it\/index.php\/wp-json\/wp\/v2\/tags?post=545"}],"curies":[{"name":"wp","href":"https:\/\/api.w.org\/{rel}","templated":true}]}}