{"id":76,"date":"2025-03-10T13:06:41","date_gmt":"2025-03-10T12:06:41","guid":{"rendered":"https:\/\/blog.fotocolombo.it\/?p=76"},"modified":"2026-03-24T12:41:30","modified_gmt":"2026-03-24T11:41:30","slug":"corso-di-fotografia-base-a-monza-28-aprile-6giugno","status":"publish","type":"post","link":"https:\/\/team.fotocolombo.it\/index.php\/2025\/03\/10\/corso-di-fotografia-base-a-monza-28-aprile-6giugno\/","title":{"rendered":"Corso di Fotografia base a Monza, 28 aprile &#8211; 6 giugno"},"content":{"rendered":"\n<figure class=\"wp-block-image size-full\"><img fetchpriority=\"high\" decoding=\"async\" width=\"680\" height=\"454\" src=\"https:\/\/team.fotocolombo.it\/wp-content\/uploads\/2025\/03\/TempoR.jpg\" alt=\"\" class=\"wp-image-81\" srcset=\"https:\/\/team.fotocolombo.it\/wp-content\/uploads\/2025\/03\/TempoR.jpg 680w, https:\/\/team.fotocolombo.it\/wp-content\/uploads\/2025\/03\/TempoR-300x200.jpg 300w\" sizes=\"(max-width: 680px) 100vw, 680px\" \/><\/figure>\n\n\n\n<p><strong>Benvenuti al corso di Fotografia base a Monza!<\/strong><\/p>\n\n\n\n<h4 class=\"wp-block-heading\">Promozione primavera 2025: prezzo speciale di 59\u20ac se vieni da solo o 49\u20ac se vieni con qualcuno!<\/h4>\n\n\n\n<p><strong>Durante il periodo del corso sar\u00e0 possibile provare alcune macchine fotografiche di fabbricazione recente, messe a disposizione da Fotocolombo di Merate<\/strong>,&nbsp;<a href=\"http:\/\/www.fotocolombo.it\/\" target=\"_blank\" rel=\"noreferrer noopener\">www.fotocolombo.it<\/a>.<\/p>\n\n\n\n<p>Dedicato a chi ha da poco intrapreso il cammino di avvicinamento alla fotografia, anche con il proprio cellulare, o gi\u00e0 fotoamatore desidera approfondire le principali nozioni di base della tecnica fotografica e della comprensione del linguaggio fotografico, sotto la guida di un docente esperto.<\/p>\n\n\n\n<p>Imparerete a conoscere in modo approfondito e ad utilizzare con sicurezza la vostra fotocamera (reflex o compatta, digitale o non digitale) e il vostro smartphone, attraverso una preparazione sia teorica che pratica.<br>Sarete inoltre introdotti ai temi che fanno la differenza, ovvero: come realizzare e riconoscere un\u2019immagine corretta.<\/p>\n\n\n\n<p>Il corso si compone di sei incontri serali in aula da due ore ciascuno e due uscite di riprese in esterni da due ore circa&nbsp;<strong>(per un totale di 16 ore)<\/strong>&nbsp;per approfondire le tecniche apprese e svolgere gli esercizi affidati dal docente.<br>Il corso di Max \u00e8 giunto ad una nuova edizione. Ne abbiamo realizzate tante ma ciascuna \u00e8 unica e ciascuna per Max \u00e8 una sfida, un incontro con ognuno di voi. Questo appuntamento vuole essere l\u2019occasione per conoscere, in modo semplice e diretto, l\u2019affascinante mondo dell\u2019immagine fotografica.<br>Il corso tratter\u00e0 sia gli aspetti prettamente tecnici, legati all\u2019utilizzo della macchina fotografica e dei suoi accessori, sia le tematiche riguardanti la lettura e la composizione dell\u2019immagine. Le due uscite saranno dedicate al ritratto e al paesaggio e si potranno svolgere anche con il proprio cellulare.<br>Ampio spazio ovviamente al mondo digitale e ai risvolti legati alla condivisione social, imparando come proporre i propri scatti in modo efficace. A disposizione il libro di testo, redatto dallo stesso docente.<br>Ogni incontro sar\u00e0 supportato da presentazioni dimostrative e dalla possibilit\u00e0 di discutere le immagini realizzate dagli iscritti.<\/p>\n\n\n\n<p>Durante il periodo del corso saranno attive formule di interazione informatica con il docente, tramite contatti mail e Facebook. Un notevole punto di forza, questo, dal momento che sappiamo bene quanto sia determinante la possibilit\u00e0 di non perdere il contatto con l\u2019insegnante tra un incontro e l\u2019altro. Porre una domanda, avere una risposta senza portarsi dietro un interrogativo per sette giorni permette ad ogni iscritto di non perdere tempo ed assimilare pi\u00f9 velocemente il contenuto delle lezioni, nonch\u00e8 di mantenere vivo l\u2019interesse per la fotografia ben ricambiati dallo stesso interesse che Max avr\u00e0 per voi ed il vostro punto di vista.<\/p>\n\n\n\n<p>Indicativamente il programma del corso sar\u00e0 il seguente:<\/p>\n\n\n\n<ul class=\"wp-block-list\">\n<li>la storia della fotografia<\/li>\n\n\n\n<li>le prime impostazioni di scatto: sensibilit\u00e0 e bilanciamento del bianco<\/li>\n\n\n\n<li>macchina fotografica: le varie tipologie<\/li>\n\n\n\n<li>il mondo degli obbiettivi<\/li>\n\n\n\n<li>l\u2019autofocus<\/li>\n\n\n\n<li>il ruolo dell\u2019esposimetro<\/li>\n\n\n\n<li>il rapporto tra diaframma e tempo di scatto<\/li>\n\n\n\n<li>gli automatismi e la selezione manuale<\/li>\n\n\n\n<li>la profondit\u00e0 di campo<\/li>\n\n\n\n<li>la realizzazione di un\u2019immagine corretta<\/li>\n\n\n\n<li>le regole della composizione fotografica<\/li>\n\n\n\n<li>il taglio delle fotografie<\/li>\n\n\n\n<li>il ritratto<\/li>\n\n\n\n<li>scattare con il cellulare<\/li>\n\n\n\n<li>il mondo digitale: sensore, processore, formato di scatto<\/li>\n\n\n\n<li>i programmi di fotoritocco<\/li>\n\n\n\n<li>come proporre efficacemente la visione delle proprie immagini<\/li>\n<\/ul>\n\n\n\n<p><strong>Ogni corsista deve disporre di una macchina fotografica (analogica o digitale, compatta o reflex: va bene qualsiasi modello) oppure baster\u00e0 anche il solo smartphone. Oltre alle esercitazioni in esterno ogni incontro avr\u00e0 anche una parte pratica, perch\u00e9 il vero divertimento \u00e8 proprio scattare. Dunque pronti al click in ogni lezione.<\/strong><\/p>\n\n\n\n<p><em><strong>Per usufruire del prezzo di 49\u20ac<\/strong>&nbsp;(a testa) fai&nbsp;cos\u00ec:<\/em><\/p>\n\n\n\n<ul class=\"wp-block-list\">\n<li><em>dopo aver riservato il tuo posto, inserisci anche l\u2019iscrizione della seconda, terza (o ulteriore) persona che parteciper\u00e0 con te al corso e\u00a0<strong>nel campo Note<\/strong>\u00a0scrivi il codice sconto\u00a0<strong>COPPIAFOTO<\/strong><\/em><\/li>\n\n\n\n<li><em>se invece la persone da te coinvolta vorr\u00e0 inserire autonomamente l\u2019iscrizione, scriver\u00e0 nel campo Note \u201cCOPPIAFOTO con \u2026\u201d (indicando il tuo nome)<\/em><\/li>\n<\/ul>\n\n\n\n<p><strong>Per tutti i nostri corsi rilasciamo un attestato di partecipazione in formato digitale che sar\u00e0 possibile scaricare dal sito internet una volta terminate le lezioni.<\/strong><\/p>\n\n\n\n<h4 class=\"wp-block-heading\"><strong>Scopri il dipartimento di fotografia!<\/strong><\/h4>\n\n\n\n<p>Questo corso fa parte di\u00a0<strong>Tempo di fotografia<\/strong>, il nostro &#8220;dipartimento&#8221; tutto dedicato alla fotografia.<br><\/p>\n\n\n\n<h4 class=\"wp-block-heading\"><a href=\"https:\/\/www.iltemporitrovato.org\/corsi\/foto-design\/fotografia-base\/corso-fotografia-monza\/?event=12176#collapseteacher\">DOCENTE CORSO Fotografia base<\/a><\/h4>\n\n\n\n<h4 class=\"wp-block-heading\">Max Spinolo<\/h4>\n\n\n\n<figure class=\"wp-block-image size-full\"><img decoding=\"async\" width=\"233\" height=\"233\" src=\"https:\/\/team.fotocolombo.it\/wp-content\/uploads\/2025\/03\/Spinolo.jpg\" alt=\"\" class=\"wp-image-77\" srcset=\"https:\/\/team.fotocolombo.it\/wp-content\/uploads\/2025\/03\/Spinolo.jpg 233w, https:\/\/team.fotocolombo.it\/wp-content\/uploads\/2025\/03\/Spinolo-150x150.jpg 150w\" sizes=\"(max-width: 233px) 100vw, 233px\" \/><\/figure>\n\n\n\n<p>Massimo Spinolo (Max) si occupa di fotografia da oltre 30 anni e dopo il liceo classico si \u00e8 laureato in giurisprudenza. E\u2019 un giornalista e come fotoreporter e operatore dell\u2019informazione ha pubblicato pi\u00f9 di 50.000 immagini su giornali e siti di ogni tipo. Videomaker freelance, realizza abitualmente servizi video per i telegiornali. Ha tenuto pi\u00f9 di 250 corsi di fotografia in oltre 30 citt\u00e0, contribuendo alla fondazione di molti circoli fotografici.<\/p>\n\n\n\n<p>Ha vinto contest fotografici e proposto numerosissime mostre personali e videoproiezioni digitali sugli argomenti pi\u00f9 diversi. Ha curato l\u2019aspetto iconografico di moltissime pubblicazioni librarie. Collabora con associazioni e realt\u00e0 culturali nel settore dell\u2019immagine, della comunicazione visiva e del volontariato. Nel giugno 2012 ha avuto l\u2019incarico di documentare la visita di Papa Benedetto XVI a Milano, in occasione della giornata mondiale della famiglia. Unico fotoreporter a rimanere per tre giorni accanto al Pontefice; le sue immagini ravvicinate hanno fatto il giro del mondo.<\/p>\n\n\n\n<p>Scrive per hobby brevi racconti ed \u00e8 stato premiato in numerosi concorsi letterari. Nel 2015 ha pubblicato il libro \u201cFotoracconti da marciapiede\u201d, nel 2018 il manuale di street photography \u201cScatti da strada\u201d, nel 2020 il romanzo \u201cLei non vede\u201d e nel 2022 il giallo \u201cPregate per i Santi\u201d, tutti per Ledizioni editore.<\/p>\n\n\n\n<p>E\u2019 appassionato di deserto e si definisce ironicamente un provatore di emozioni per conto terzi.<\/p>\n\n\n\n<p>Scopri il&nbsp;<a href=\"https:\/\/www.iltemporitrovato.org\/news\/massimo-spinolo-quella-volta-che-a-un-corso\/\">percorso completo di Max Spinolo<\/a>&nbsp;e altre curiosit\u00e0.<\/p>\n\n\n\n<div class=\"wp-block-buttons is-layout-flex wp-block-buttons-is-layout-flex\">\n<div class=\"wp-block-button\"><a class=\"wp-block-button__link wp-element-button\" href=\"https:\/\/www.iltemporitrovato.org\/corsi\/foto-design\/fotografia-base\/corso-fotografia-monza\/?event=12176\"><mark style=\"background-color:rgba(0, 0, 0, 0)\" class=\"has-inline-color has-ast-global-color-0-color\">Iscriviti<\/mark><\/a><\/div>\n<\/div>\n\n\n\n<p><\/p>\n","protected":false},"excerpt":{"rendered":"<p>Benvenuti al corso di Fotografia base a Monza! Promozione primavera 2025: prezzo speciale di 59\u20ac se vieni da solo o [&hellip;]<\/p>\n","protected":false},"author":6,"featured_media":81,"comment_status":"open","ping_status":"open","sticky":false,"template":"","format":"standard","meta":{"site-sidebar-layout":"default","site-content-layout":"","ast-site-content-layout":"","site-content-style":"default","site-sidebar-style":"default","ast-global-header-display":"","ast-banner-title-visibility":"","ast-main-header-display":"","ast-hfb-above-header-display":"","ast-hfb-below-header-display":"","ast-hfb-mobile-header-display":"","site-post-title":"","ast-breadcrumbs-content":"","ast-featured-img":"","footer-sml-layout":"","theme-transparent-header-meta":"","adv-header-id-meta":"","stick-header-meta":"","header-above-stick-meta":"","header-main-stick-meta":"","header-below-stick-meta":"","astra-migrate-meta-layouts":"default","ast-page-background-enabled":"default","ast-page-background-meta":{"desktop":{"background-color":"var(--ast-global-color-5)","background-image":"","background-repeat":"repeat","background-position":"center center","background-size":"auto","background-attachment":"scroll","background-type":"","background-media":"","overlay-type":"","overlay-color":"","overlay-opacity":"","overlay-gradient":""},"tablet":{"background-color":"","background-image":"","background-repeat":"repeat","background-position":"center center","background-size":"auto","background-attachment":"scroll","background-type":"","background-media":"","overlay-type":"","overlay-color":"","overlay-opacity":"","overlay-gradient":""},"mobile":{"background-color":"","background-image":"","background-repeat":"repeat","background-position":"center center","background-size":"auto","background-attachment":"scroll","background-type":"","background-media":"","overlay-type":"","overlay-color":"","overlay-opacity":"","overlay-gradient":""}},"ast-content-background-meta":{"desktop":{"background-color":"var(--ast-global-color-4)","background-image":"","background-repeat":"repeat","background-position":"center center","background-size":"auto","background-attachment":"scroll","background-type":"","background-media":"","overlay-type":"","overlay-color":"","overlay-opacity":"","overlay-gradient":""},"tablet":{"background-color":"var(--ast-global-color-4)","background-image":"","background-repeat":"repeat","background-position":"center center","background-size":"auto","background-attachment":"scroll","background-type":"","background-media":"","overlay-type":"","overlay-color":"","overlay-opacity":"","overlay-gradient":""},"mobile":{"background-color":"var(--ast-global-color-4)","background-image":"","background-repeat":"repeat","background-position":"center center","background-size":"auto","background-attachment":"scroll","background-type":"","background-media":"","overlay-type":"","overlay-color":"","overlay-opacity":"","overlay-gradient":""}},"footnotes":""},"categories":[1],"tags":[],"class_list":["post-76","post","type-post","status-publish","format-standard","has-post-thumbnail","hentry","category-zuncategorized"],"yoast_head":"<!-- This site is optimized with the Yoast SEO plugin v24.7 - https:\/\/yoast.com\/wordpress\/plugins\/seo\/ -->\n<title>Corso di Fotografia base a Monza, 28 aprile - 6 giugno - FotoColombo Team<\/title>\n<meta name=\"robots\" content=\"index, follow, max-snippet:-1, max-image-preview:large, max-video-preview:-1\" \/>\n<link rel=\"canonical\" href=\"https:\/\/team.fotocolombo.it\/index.php\/2025\/03\/10\/corso-di-fotografia-base-a-monza-28-aprile-6giugno\/\" \/>\n<meta property=\"og:locale\" content=\"it_IT\" \/>\n<meta property=\"og:type\" content=\"article\" \/>\n<meta property=\"og:title\" content=\"Corso di Fotografia base a Monza, 28 aprile - 6 giugno - FotoColombo Team\" \/>\n<meta property=\"og:description\" content=\"Benvenuti al corso di Fotografia base a Monza! Promozione primavera 2025: prezzo speciale di 59\u20ac se vieni da solo o [&hellip;]\" \/>\n<meta property=\"og:url\" content=\"https:\/\/team.fotocolombo.it\/index.php\/2025\/03\/10\/corso-di-fotografia-base-a-monza-28-aprile-6giugno\/\" \/>\n<meta property=\"og:site_name\" content=\"FotoColombo Team\" \/>\n<meta property=\"article:publisher\" content=\"https:\/\/www.facebook.com\/fotocolombo.it\" \/>\n<meta property=\"article:published_time\" content=\"2025-03-10T12:06:41+00:00\" \/>\n<meta property=\"article:modified_time\" content=\"2026-03-24T11:41:30+00:00\" \/>\n<meta property=\"og:image\" content=\"https:\/\/team.fotocolombo.it\/wp-content\/uploads\/2025\/03\/TempoR.jpg\" \/>\n\t<meta property=\"og:image:width\" content=\"680\" \/>\n\t<meta property=\"og:image:height\" content=\"454\" \/>\n\t<meta property=\"og:image:type\" content=\"image\/jpeg\" \/>\n<meta name=\"author\" content=\"Massimo Spinolo\" \/>\n<meta name=\"twitter:card\" content=\"summary_large_image\" \/>\n<meta name=\"twitter:label1\" content=\"Scritto da\" \/>\n\t<meta name=\"twitter:data1\" content=\"Massimo Spinolo\" \/>\n\t<meta name=\"twitter:label2\" content=\"Tempo di lettura stimato\" \/>\n\t<meta name=\"twitter:data2\" content=\"6 minuti\" \/>\n<script type=\"application\/ld+json\" class=\"yoast-schema-graph\">{\"@context\":\"https:\/\/schema.org\",\"@graph\":[{\"@type\":\"Article\",\"@id\":\"https:\/\/team.fotocolombo.it\/index.php\/2025\/03\/10\/corso-di-fotografia-base-a-monza-28-aprile-6giugno\/#article\",\"isPartOf\":{\"@id\":\"https:\/\/team.fotocolombo.it\/index.php\/2025\/03\/10\/corso-di-fotografia-base-a-monza-28-aprile-6giugno\/\"},\"author\":{\"name\":\"Massimo Spinolo\",\"@id\":\"https:\/\/team.fotocolombo.it\/#\/schema\/person\/55315a86321858afdae88642553d7aa1\"},\"headline\":\"Corso di Fotografia base a Monza, 28 aprile &#8211; 6 giugno\",\"datePublished\":\"2025-03-10T12:06:41+00:00\",\"dateModified\":\"2026-03-24T11:41:30+00:00\",\"mainEntityOfPage\":{\"@id\":\"https:\/\/team.fotocolombo.it\/index.php\/2025\/03\/10\/corso-di-fotografia-base-a-monza-28-aprile-6giugno\/\"},\"wordCount\":927,\"commentCount\":0,\"publisher\":{\"@id\":\"https:\/\/team.fotocolombo.it\/#organization\"},\"image\":{\"@id\":\"https:\/\/team.fotocolombo.it\/index.php\/2025\/03\/10\/corso-di-fotografia-base-a-monza-28-aprile-6giugno\/#primaryimage\"},\"thumbnailUrl\":\"https:\/\/team.fotocolombo.it\/wp-content\/uploads\/2025\/03\/TempoR.jpg\",\"articleSection\":[\"ZUncategorized\"],\"inLanguage\":\"it-IT\",\"potentialAction\":[{\"@type\":\"CommentAction\",\"name\":\"Comment\",\"target\":[\"https:\/\/team.fotocolombo.it\/index.php\/2025\/03\/10\/corso-di-fotografia-base-a-monza-28-aprile-6giugno\/#respond\"]}]},{\"@type\":\"WebPage\",\"@id\":\"https:\/\/team.fotocolombo.it\/index.php\/2025\/03\/10\/corso-di-fotografia-base-a-monza-28-aprile-6giugno\/\",\"url\":\"https:\/\/team.fotocolombo.it\/index.php\/2025\/03\/10\/corso-di-fotografia-base-a-monza-28-aprile-6giugno\/\",\"name\":\"Corso di Fotografia base a Monza, 28 aprile - 6 giugno - FotoColombo Team\",\"isPartOf\":{\"@id\":\"https:\/\/team.fotocolombo.it\/#website\"},\"primaryImageOfPage\":{\"@id\":\"https:\/\/team.fotocolombo.it\/index.php\/2025\/03\/10\/corso-di-fotografia-base-a-monza-28-aprile-6giugno\/#primaryimage\"},\"image\":{\"@id\":\"https:\/\/team.fotocolombo.it\/index.php\/2025\/03\/10\/corso-di-fotografia-base-a-monza-28-aprile-6giugno\/#primaryimage\"},\"thumbnailUrl\":\"https:\/\/team.fotocolombo.it\/wp-content\/uploads\/2025\/03\/TempoR.jpg\",\"datePublished\":\"2025-03-10T12:06:41+00:00\",\"dateModified\":\"2026-03-24T11:41:30+00:00\",\"breadcrumb\":{\"@id\":\"https:\/\/team.fotocolombo.it\/index.php\/2025\/03\/10\/corso-di-fotografia-base-a-monza-28-aprile-6giugno\/#breadcrumb\"},\"inLanguage\":\"it-IT\",\"potentialAction\":[{\"@type\":\"ReadAction\",\"target\":[\"https:\/\/team.fotocolombo.it\/index.php\/2025\/03\/10\/corso-di-fotografia-base-a-monza-28-aprile-6giugno\/\"]}]},{\"@type\":\"ImageObject\",\"inLanguage\":\"it-IT\",\"@id\":\"https:\/\/team.fotocolombo.it\/index.php\/2025\/03\/10\/corso-di-fotografia-base-a-monza-28-aprile-6giugno\/#primaryimage\",\"url\":\"https:\/\/team.fotocolombo.it\/wp-content\/uploads\/2025\/03\/TempoR.jpg\",\"contentUrl\":\"https:\/\/team.fotocolombo.it\/wp-content\/uploads\/2025\/03\/TempoR.jpg\",\"width\":680,\"height\":454},{\"@type\":\"BreadcrumbList\",\"@id\":\"https:\/\/team.fotocolombo.it\/index.php\/2025\/03\/10\/corso-di-fotografia-base-a-monza-28-aprile-6giugno\/#breadcrumb\",\"itemListElement\":[{\"@type\":\"ListItem\",\"position\":1,\"name\":\"Home\",\"item\":\"https:\/\/team.fotocolombo.it\/\"},{\"@type\":\"ListItem\",\"position\":2,\"name\":\"Corso di Fotografia base a Monza, 28 aprile &#8211; 6 giugno\"}]},{\"@type\":\"WebSite\",\"@id\":\"https:\/\/team.fotocolombo.it\/#website\",\"url\":\"https:\/\/team.fotocolombo.it\/\",\"name\":\"FotoColombo.it Blog\",\"description\":\"\",\"publisher\":{\"@id\":\"https:\/\/team.fotocolombo.it\/#organization\"},\"potentialAction\":[{\"@type\":\"SearchAction\",\"target\":{\"@type\":\"EntryPoint\",\"urlTemplate\":\"https:\/\/team.fotocolombo.it\/?s={search_term_string}\"},\"query-input\":{\"@type\":\"PropertyValueSpecification\",\"valueRequired\":true,\"valueName\":\"search_term_string\"}}],\"inLanguage\":\"it-IT\"},{\"@type\":\"Organization\",\"@id\":\"https:\/\/team.fotocolombo.it\/#organization\",\"name\":\"FotoColombo.it Blog\",\"url\":\"https:\/\/team.fotocolombo.it\/\",\"logo\":{\"@type\":\"ImageObject\",\"inLanguage\":\"it-IT\",\"@id\":\"https:\/\/team.fotocolombo.it\/#\/schema\/logo\/image\/\",\"url\":\"https:\/\/team.fotocolombo.it\/wp-content\/uploads\/2025\/03\/logoFCTeam-1-scaled.jpg\",\"contentUrl\":\"https:\/\/team.fotocolombo.it\/wp-content\/uploads\/2025\/03\/logoFCTeam-1-scaled.jpg\",\"width\":2560,\"height\":349,\"caption\":\"FotoColombo.it Blog\"},\"image\":{\"@id\":\"https:\/\/team.fotocolombo.it\/#\/schema\/logo\/image\/\"},\"sameAs\":[\"https:\/\/www.facebook.com\/fotocolombo.it\",\"https:\/\/www.instagram.com\/fotocolombo.it\/\"]},{\"@type\":\"Person\",\"@id\":\"https:\/\/team.fotocolombo.it\/#\/schema\/person\/55315a86321858afdae88642553d7aa1\",\"name\":\"Massimo Spinolo\",\"image\":{\"@type\":\"ImageObject\",\"inLanguage\":\"it-IT\",\"@id\":\"https:\/\/team.fotocolombo.it\/#\/schema\/person\/image\/\",\"url\":\"https:\/\/secure.gravatar.com\/avatar\/eb2b578ba243c3b0bc07a0083d0fa86cb0144a281a200d6ebe2739b9d2175b23?s=96&d=mm&r=g\",\"contentUrl\":\"https:\/\/secure.gravatar.com\/avatar\/eb2b578ba243c3b0bc07a0083d0fa86cb0144a281a200d6ebe2739b9d2175b23?s=96&d=mm&r=g\",\"caption\":\"Massimo Spinolo\"},\"sameAs\":[\"https:\/\/maxspinolo.it\/\"],\"url\":\"https:\/\/team.fotocolombo.it\/index.php\/author\/max-spinolo\/\"}]}<\/script>\n<!-- \/ Yoast SEO plugin. -->","yoast_head_json":{"title":"Corso di Fotografia base a Monza, 28 aprile - 6 giugno - FotoColombo Team","robots":{"index":"index","follow":"follow","max-snippet":"max-snippet:-1","max-image-preview":"max-image-preview:large","max-video-preview":"max-video-preview:-1"},"canonical":"https:\/\/team.fotocolombo.it\/index.php\/2025\/03\/10\/corso-di-fotografia-base-a-monza-28-aprile-6giugno\/","og_locale":"it_IT","og_type":"article","og_title":"Corso di Fotografia base a Monza, 28 aprile - 6 giugno - FotoColombo Team","og_description":"Benvenuti al corso di Fotografia base a Monza! Promozione primavera 2025: prezzo speciale di 59\u20ac se vieni da solo o [&hellip;]","og_url":"https:\/\/team.fotocolombo.it\/index.php\/2025\/03\/10\/corso-di-fotografia-base-a-monza-28-aprile-6giugno\/","og_site_name":"FotoColombo Team","article_publisher":"https:\/\/www.facebook.com\/fotocolombo.it","article_published_time":"2025-03-10T12:06:41+00:00","article_modified_time":"2026-03-24T11:41:30+00:00","og_image":[{"width":680,"height":454,"url":"https:\/\/team.fotocolombo.it\/wp-content\/uploads\/2025\/03\/TempoR.jpg","type":"image\/jpeg"}],"author":"Massimo Spinolo","twitter_card":"summary_large_image","twitter_misc":{"Scritto da":"Massimo Spinolo","Tempo di lettura stimato":"6 minuti"},"schema":{"@context":"https:\/\/schema.org","@graph":[{"@type":"Article","@id":"https:\/\/team.fotocolombo.it\/index.php\/2025\/03\/10\/corso-di-fotografia-base-a-monza-28-aprile-6giugno\/#article","isPartOf":{"@id":"https:\/\/team.fotocolombo.it\/index.php\/2025\/03\/10\/corso-di-fotografia-base-a-monza-28-aprile-6giugno\/"},"author":{"name":"Massimo Spinolo","@id":"https:\/\/team.fotocolombo.it\/#\/schema\/person\/55315a86321858afdae88642553d7aa1"},"headline":"Corso di Fotografia base a Monza, 28 aprile &#8211; 6 giugno","datePublished":"2025-03-10T12:06:41+00:00","dateModified":"2026-03-24T11:41:30+00:00","mainEntityOfPage":{"@id":"https:\/\/team.fotocolombo.it\/index.php\/2025\/03\/10\/corso-di-fotografia-base-a-monza-28-aprile-6giugno\/"},"wordCount":927,"commentCount":0,"publisher":{"@id":"https:\/\/team.fotocolombo.it\/#organization"},"image":{"@id":"https:\/\/team.fotocolombo.it\/index.php\/2025\/03\/10\/corso-di-fotografia-base-a-monza-28-aprile-6giugno\/#primaryimage"},"thumbnailUrl":"https:\/\/team.fotocolombo.it\/wp-content\/uploads\/2025\/03\/TempoR.jpg","articleSection":["ZUncategorized"],"inLanguage":"it-IT","potentialAction":[{"@type":"CommentAction","name":"Comment","target":["https:\/\/team.fotocolombo.it\/index.php\/2025\/03\/10\/corso-di-fotografia-base-a-monza-28-aprile-6giugno\/#respond"]}]},{"@type":"WebPage","@id":"https:\/\/team.fotocolombo.it\/index.php\/2025\/03\/10\/corso-di-fotografia-base-a-monza-28-aprile-6giugno\/","url":"https:\/\/team.fotocolombo.it\/index.php\/2025\/03\/10\/corso-di-fotografia-base-a-monza-28-aprile-6giugno\/","name":"Corso di Fotografia base a Monza, 28 aprile - 6 giugno - FotoColombo Team","isPartOf":{"@id":"https:\/\/team.fotocolombo.it\/#website"},"primaryImageOfPage":{"@id":"https:\/\/team.fotocolombo.it\/index.php\/2025\/03\/10\/corso-di-fotografia-base-a-monza-28-aprile-6giugno\/#primaryimage"},"image":{"@id":"https:\/\/team.fotocolombo.it\/index.php\/2025\/03\/10\/corso-di-fotografia-base-a-monza-28-aprile-6giugno\/#primaryimage"},"thumbnailUrl":"https:\/\/team.fotocolombo.it\/wp-content\/uploads\/2025\/03\/TempoR.jpg","datePublished":"2025-03-10T12:06:41+00:00","dateModified":"2026-03-24T11:41:30+00:00","breadcrumb":{"@id":"https:\/\/team.fotocolombo.it\/index.php\/2025\/03\/10\/corso-di-fotografia-base-a-monza-28-aprile-6giugno\/#breadcrumb"},"inLanguage":"it-IT","potentialAction":[{"@type":"ReadAction","target":["https:\/\/team.fotocolombo.it\/index.php\/2025\/03\/10\/corso-di-fotografia-base-a-monza-28-aprile-6giugno\/"]}]},{"@type":"ImageObject","inLanguage":"it-IT","@id":"https:\/\/team.fotocolombo.it\/index.php\/2025\/03\/10\/corso-di-fotografia-base-a-monza-28-aprile-6giugno\/#primaryimage","url":"https:\/\/team.fotocolombo.it\/wp-content\/uploads\/2025\/03\/TempoR.jpg","contentUrl":"https:\/\/team.fotocolombo.it\/wp-content\/uploads\/2025\/03\/TempoR.jpg","width":680,"height":454},{"@type":"BreadcrumbList","@id":"https:\/\/team.fotocolombo.it\/index.php\/2025\/03\/10\/corso-di-fotografia-base-a-monza-28-aprile-6giugno\/#breadcrumb","itemListElement":[{"@type":"ListItem","position":1,"name":"Home","item":"https:\/\/team.fotocolombo.it\/"},{"@type":"ListItem","position":2,"name":"Corso di Fotografia base a Monza, 28 aprile &#8211; 6 giugno"}]},{"@type":"WebSite","@id":"https:\/\/team.fotocolombo.it\/#website","url":"https:\/\/team.fotocolombo.it\/","name":"FotoColombo.it Blog","description":"","publisher":{"@id":"https:\/\/team.fotocolombo.it\/#organization"},"potentialAction":[{"@type":"SearchAction","target":{"@type":"EntryPoint","urlTemplate":"https:\/\/team.fotocolombo.it\/?s={search_term_string}"},"query-input":{"@type":"PropertyValueSpecification","valueRequired":true,"valueName":"search_term_string"}}],"inLanguage":"it-IT"},{"@type":"Organization","@id":"https:\/\/team.fotocolombo.it\/#organization","name":"FotoColombo.it Blog","url":"https:\/\/team.fotocolombo.it\/","logo":{"@type":"ImageObject","inLanguage":"it-IT","@id":"https:\/\/team.fotocolombo.it\/#\/schema\/logo\/image\/","url":"https:\/\/team.fotocolombo.it\/wp-content\/uploads\/2025\/03\/logoFCTeam-1-scaled.jpg","contentUrl":"https:\/\/team.fotocolombo.it\/wp-content\/uploads\/2025\/03\/logoFCTeam-1-scaled.jpg","width":2560,"height":349,"caption":"FotoColombo.it Blog"},"image":{"@id":"https:\/\/team.fotocolombo.it\/#\/schema\/logo\/image\/"},"sameAs":["https:\/\/www.facebook.com\/fotocolombo.it","https:\/\/www.instagram.com\/fotocolombo.it\/"]},{"@type":"Person","@id":"https:\/\/team.fotocolombo.it\/#\/schema\/person\/55315a86321858afdae88642553d7aa1","name":"Massimo Spinolo","image":{"@type":"ImageObject","inLanguage":"it-IT","@id":"https:\/\/team.fotocolombo.it\/#\/schema\/person\/image\/","url":"https:\/\/secure.gravatar.com\/avatar\/eb2b578ba243c3b0bc07a0083d0fa86cb0144a281a200d6ebe2739b9d2175b23?s=96&d=mm&r=g","contentUrl":"https:\/\/secure.gravatar.com\/avatar\/eb2b578ba243c3b0bc07a0083d0fa86cb0144a281a200d6ebe2739b9d2175b23?s=96&d=mm&r=g","caption":"Massimo Spinolo"},"sameAs":["https:\/\/maxspinolo.it\/"],"url":"https:\/\/team.fotocolombo.it\/index.php\/author\/max-spinolo\/"}]}},"_links":{"self":[{"href":"https:\/\/team.fotocolombo.it\/index.php\/wp-json\/wp\/v2\/posts\/76","targetHints":{"allow":["GET"]}}],"collection":[{"href":"https:\/\/team.fotocolombo.it\/index.php\/wp-json\/wp\/v2\/posts"}],"about":[{"href":"https:\/\/team.fotocolombo.it\/index.php\/wp-json\/wp\/v2\/types\/post"}],"author":[{"embeddable":true,"href":"https:\/\/team.fotocolombo.it\/index.php\/wp-json\/wp\/v2\/users\/6"}],"replies":[{"embeddable":true,"href":"https:\/\/team.fotocolombo.it\/index.php\/wp-json\/wp\/v2\/comments?post=76"}],"version-history":[{"count":4,"href":"https:\/\/team.fotocolombo.it\/index.php\/wp-json\/wp\/v2\/posts\/76\/revisions"}],"predecessor-version":[{"id":92,"href":"https:\/\/team.fotocolombo.it\/index.php\/wp-json\/wp\/v2\/posts\/76\/revisions\/92"}],"wp:featuredmedia":[{"embeddable":true,"href":"https:\/\/team.fotocolombo.it\/index.php\/wp-json\/wp\/v2\/media\/81"}],"wp:attachment":[{"href":"https:\/\/team.fotocolombo.it\/index.php\/wp-json\/wp\/v2\/media?parent=76"}],"wp:term":[{"taxonomy":"category","embeddable":true,"href":"https:\/\/team.fotocolombo.it\/index.php\/wp-json\/wp\/v2\/categories?post=76"},{"taxonomy":"post_tag","embeddable":true,"href":"https:\/\/team.fotocolombo.it\/index.php\/wp-json\/wp\/v2\/tags?post=76"}],"curies":[{"name":"wp","href":"https:\/\/api.w.org\/{rel}","templated":true}]}}